{"id":13351,"date":"2016-12-22T16:02:08","date_gmt":"2016-12-22T19:02:08","guid":{"rendered":"http:\/\/www.maisbn.com\/portal\/?p=13351"},"modified":"2016-12-22T16:02:08","modified_gmt":"2016-12-22T19:02:08","slug":"forum-discute-o-protagonismo-juvenil-em-comunidades-do-sul-da-bahia","status":"publish","type":"post","link":"https:\/\/www.maisbn.com\/portal\/2016\/12\/forum-discute-o-protagonismo-juvenil-em-comunidades-do-sul-da-bahia\/","title":{"rendered":"F\u00f3rum discute o protagonismo juvenil em comunidades do Sul da Bahia."},"content":{"rendered":"<p><span style=\"color: #000000;\">O 1\u00ba F\u00f3rum de Protagonismo Social Juvenil do Sul da Bahia foi realizado na \u00faltima quinta-feira (15) no SENAC de Porto Seguro.\u00a0 A a\u00e7\u00e3o, de iniciativa do Instituto M\u00e3e Terra e da Veracel Celulose em parceria com a Universidade Federal do Sul da Bahia (UFSB), contou com a participa\u00e7\u00e3o de mais de 150 jovens de 64 comunidades rurais e costeiras dos dez munic\u00edpios da \u00e1rea de atua\u00e7\u00e3o da Veracel.<\/span><\/p>\n<p><a href=\"http:\/\/www.maisbn.com\/portal\/wp-content\/uploads\/2016\/12\/forum_juvenil00003.jpg\"><img loading=\"lazy\" decoding=\"async\" class=\"aligncenter size-full wp-image-13352\" src=\"http:\/\/www.maisbn.com\/portal\/wp-content\/uploads\/2016\/12\/forum_juvenil00003.jpg\" alt=\"forum_juvenil00003\" width=\"650\" height=\"412\" \/><\/a><\/p>\n<p><span style=\"color: #000000;\">\u201cNosso objetivo \u00e9 discutir o protagonismo social juvenil no territ\u00f3rio. Estes jovens est\u00e3o exercitando o priorizar o outro, est\u00e3o abra\u00e7ando uma oportunidade e est\u00e3o em busca da mudan\u00e7a. Eles querem ser sujeitos protagonistas em suas comunidades\u201d, explica Flaelma Almeida da Silva, coordenadora pedag\u00f3gica do Instituto M\u00e3e Terra.<\/span><\/p>\n<p><a href=\"http:\/\/www.maisbn.com\/portal\/wp-content\/uploads\/2016\/12\/forum_juvenil00001.jpg\"><img loading=\"lazy\" decoding=\"async\" class=\"aligncenter size-full wp-image-13356\" src=\"http:\/\/www.maisbn.com\/portal\/wp-content\/uploads\/2016\/12\/forum_juvenil00001.jpg\" alt=\"forum_juvenil00001\" width=\"650\" height=\"412\" \/><\/a><\/p>\n<p><span style=\"color: #000000;\">Os jovens apresentaram projetos sustent\u00e1veis para suas comunidades, com possibilidade de serem replicados em outras localidades. Cada projeto foi elaborado dentro de eixos tem\u00e1ticos priorit\u00e1rios para o desenvolvimento do territ\u00f3rio: Cultura e Identidade; Educa\u00e7\u00e3o e Cidadania; Gera\u00e7\u00e3o de Renda e Emprego; Meio Ambiente e Sustentabilidade; Sa\u00fade e Qualidade de Vida; e Esporte, Lazer e Entretenimento. \u201cO jovem \u00e9 capaz de pensar, reformar e propor projetos de mudan\u00e7as\u201d, sintetiza o jovem Rafael Silva Oliveira, da comunidade Col\u00f4nia, em Eun\u00e1polis.<\/span><\/p>\n<p>&nbsp;<\/p>\n<p><span style=\"color: #000000;\">Para um dos agentes de desenvolvimento comunit\u00e1rio e participante do F\u00f3rum, Erlizan Rodrigues de Oliveira, o evento demonstrou uma mudan\u00e7a no censo cr\u00edtico de percep\u00e7\u00e3o e mobiliza\u00e7\u00e3o para sanar dificuldades. \u201cPerdi o sentimento de comodismo, n\u00e3o sou mais como antes\u201d, afirmou o agente da comunidade Frutos da Terra de Porto Seguro.<\/span><\/p>\n<p><a href=\"http:\/\/www.maisbn.com\/portal\/wp-content\/uploads\/2016\/12\/forum_juvenil00001.jpg\"><img loading=\"lazy\" decoding=\"async\" class=\"aligncenter size-full wp-image-13356\" src=\"http:\/\/www.maisbn.com\/portal\/wp-content\/uploads\/2016\/12\/forum_juvenil00001.jpg\" alt=\"forum_juvenil00001\" width=\"650\" height=\"412\" \/><\/a><\/p>\n<p><span style=\"color: #000000;\">O diretor presidente da Veracel, Antonio Sergio Alipio, tamb\u00e9m esteve presente no evento e destacou a import\u00e2ncia de projetos de mobiliza\u00e7\u00e3o social para a transforma\u00e7\u00e3o do territ\u00f3rio. \u201cPara enfrentar os desafios \u00e9 necess\u00e1rio querer, decidir e estar disposto; a mobiliza\u00e7\u00e3o de jovens torna a esperan\u00e7a de mudan\u00e7a ainda maior. Acredito no potencial de voc\u00eas e na capacidade de cada um dos projetos apresentados aqui. Vamos juntos \u2013 comunidades, ONGs, empresas e a universidade \u2013 atuar neste processo de transforma\u00e7\u00e3o do nosso territ\u00f3rio\u201d, enfatizou Alipio no discurso de encerramento do evento.<\/span><\/p>\n<p><span style=\"color: #000000;\"><strong>Desenvolvendo o protagonismo social juvenil<\/strong><\/span><\/p>\n<p><span style=\"color: #000000;\">O protagonismo social juvenil e o empoderamento comunit\u00e1rio s\u00e3o alguns dos resultados da estrat\u00e9gia de forma\u00e7\u00e3o e qualifica\u00e7\u00e3o de jovens agentes de desenvolvimento comunit\u00e1rio.\u00a0 Essa estrat\u00e9gia \u00e9 fruto da parceria entre o Instituto M\u00e3e Terra e a empresa Veracel Celulose e tem sido realizada em comunidades dos munic\u00edpios de Belmonte, Santa Cruz Cabr\u00e1lia, Porto Seguro, Eun\u00e1polis, Itabela, Guaratinga, Itagimirim, Itapebi, Mascote e Canavieiras.<\/span><\/p>\n<p><a href=\"http:\/\/www.maisbn.com\/portal\/wp-content\/uploads\/2016\/12\/forum_juvenil00005.jpg\"><img loading=\"lazy\" decoding=\"async\" class=\"aligncenter size-full wp-image-13353\" src=\"http:\/\/www.maisbn.com\/portal\/wp-content\/uploads\/2016\/12\/forum_juvenil00005.jpg\" alt=\"forum_juvenil00005\" width=\"650\" height=\"412\" \/><\/a><\/p>\n<p><span style=\"color: #000000;\">Durante a forma\u00e7\u00e3o, os jovens s\u00e3o capacitados para entender melhor as condi\u00e7\u00f5es e necessidades de onde vivem, apoiar e incentivar o desenvolvimento de projetos e a\u00e7\u00f5es de mobiliza\u00e7\u00e3o que beneficiem suas comunidades. \u201cPrimeiro, se desenvolvem os sujeitos, depois se organiza a comunidade para que ela, com suas pr\u00f3prias pernas, consiga entender as demandas sociais coletivas, identifique as oportunidades para o desenvolvimento local e, consequentemente, do territ\u00f3rio\u201d, destaca Flaelma Almeida.<\/span><\/p>\n<p><a href=\"http:\/\/www.maisbn.com\/portal\/wp-content\/uploads\/2016\/12\/forum_juvenil00004.jpg\"><img loading=\"lazy\" decoding=\"async\" class=\"aligncenter size-full wp-image-13355\" src=\"http:\/\/www.maisbn.com\/portal\/wp-content\/uploads\/2016\/12\/forum_juvenil00004.jpg\" alt=\"forum_juvenil00004\" width=\"650\" height=\"412\" \/><\/a><\/p>\n<p><span style=\"color: #000000;\">\u201cEsses jovens est\u00e3o assumindo o seu papel como seres hist\u00f3ricos, sociais e pol\u00edticos para alcan\u00e7ar, n\u00e3o somente a cidadania, mas uma melhor qualidade de vida para si, suas fam\u00edlias e para toda a comunidade e regi\u00e3o\u201d, conclui Altemar Felberg, diretor executivo do Instituto M\u00e3e Terra.<\/span><\/p>\n<p><em>Fonte: ASCOM\/Veracel<\/em><\/p>\n","protected":false},"excerpt":{"rendered":"<p>O 1\u00ba F\u00f3rum de Protagonismo Social Juvenil do Sul da Bahia foi realizado na \u00faltima quinta-feira (15) no SENAC de Porto Seguro.\u00a0 A a\u00e7\u00e3o, de iniciativa do Instituto M\u00e3e Terra e da Veracel Celulose em parceria com a Universidade Federal do Sul da Bahia (UFSB), contou com a participa\u00e7\u00e3o de mais de 150 jovens de [&hellip;]<\/p>\n","protected":false},"author":7,"featured_media":13352,"comment_status":"open","ping_status":"open","sticky":false,"template":"","format":"standard","meta":{"footnotes":""},"categories":[45,1],"tags":[108],"class_list":["post-13351","post","type-post","status-publish","format-standard","has-post-thumbnail","hentry","category-cidades","category-noticias","tag-belmonte"],"_links":{"self":[{"href":"https:\/\/www.maisbn.com\/portal\/wp-json\/wp\/v2\/posts\/13351","targetHints":{"allow":["GET"]}}],"collection":[{"href":"https:\/\/www.maisbn.com\/portal\/wp-json\/wp\/v2\/posts"}],"about":[{"href":"https:\/\/www.maisbn.com\/portal\/wp-json\/wp\/v2\/types\/post"}],"author":[{"embeddable":true,"href":"https:\/\/www.maisbn.com\/portal\/wp-json\/wp\/v2\/users\/7"}],"replies":[{"embeddable":true,"href":"https:\/\/www.maisbn.com\/portal\/wp-json\/wp\/v2\/comments?post=13351"}],"version-history":[{"count":1,"href":"https:\/\/www.maisbn.com\/portal\/wp-json\/wp\/v2\/posts\/13351\/revisions"}],"predecessor-version":[{"id":13357,"href":"https:\/\/www.maisbn.com\/portal\/wp-json\/wp\/v2\/posts\/13351\/revisions\/13357"}],"wp:featuredmedia":[{"embeddable":true,"href":"https:\/\/www.maisbn.com\/portal\/wp-json\/wp\/v2\/media\/13352"}],"wp:attachment":[{"href":"https:\/\/www.maisbn.com\/portal\/wp-json\/wp\/v2\/media?parent=13351"}],"wp:term":[{"taxonomy":"category","embeddable":true,"href":"https:\/\/www.maisbn.com\/portal\/wp-json\/wp\/v2\/categories?post=13351"},{"taxonomy":"post_tag","embeddable":true,"href":"https:\/\/www.maisbn.com\/portal\/wp-json\/wp\/v2\/tags?post=13351"}],"curies":[{"name":"wp","href":"https:\/\/api.w.org\/{rel}","templated":true}]}}