{"id":13340,"date":"2016-12-21T16:56:51","date_gmt":"2016-12-21T19:56:51","guid":{"rendered":"http:\/\/www.maisbn.com\/portal\/?p=13340"},"modified":"2016-12-21T16:56:51","modified_gmt":"2016-12-21T19:56:51","slug":"janio-natal-e-janival-participam-de-encontro-com-os-atuais-vereadores-de-belmonte","status":"publish","type":"post","link":"https:\/\/www.maisbn.com\/portal\/2016\/12\/janio-natal-e-janival-participam-de-encontro-com-os-atuais-vereadores-de-belmonte\/","title":{"rendered":"J\u00e2nio Natal e Janival participam de encontro com os atuais vereadores de Belmonte."},"content":{"rendered":"<p><a href=\"http:\/\/www.maisbn.com\/portal\/wp-content\/uploads\/2016\/12\/reuniao_vereadores00001.jpg\"><img loading=\"lazy\" decoding=\"async\" class=\"aligncenter size-full wp-image-13341\" src=\"http:\/\/www.maisbn.com\/portal\/wp-content\/uploads\/2016\/12\/reuniao_vereadores00001.jpg\" alt=\"reuniao_vereadores00001\" width=\"650\" height=\"412\" \/><\/a><\/p>\n<p><span style=\"color: #000000;\">Na tarde dessa segunda-feira (19\/12) o Prefeito Eleito J\u00e2nio Natal, juntamente com seu Vice Janival Andrade, participou de um encontro onde estiveram presentes os atuais vereadores de Belmonte. J\u00e2nio os felicitou por todo o trabalho realizado nesses quatro anos de mandato e comentou que o seu objetivo \u00e9, junto com Janival, realizar as a\u00e7\u00f5es necess\u00e1rias para que Belmonte alcance o t\u00e3o esperado desenvolvimento. O futuro prefeito de Belmonte reconheceu que existem muitos desafios a serem vencidos, falou da crise que afeta todos os munic\u00edpios e das dificuldades que deve enfrentar no pr\u00f3ximo ano.<\/span><\/p>\n<p><span style=\"color: #000000;\">Os vereadores ouviram tudo atentamente e externaram o desejo de que o futuro prefeito consiga fazer uma \u00f3tima administra\u00e7\u00e3o e realize os anseios do povo belmontense. Ap\u00f3s a reuni\u00e3o, em conversa com nossa equipe, J\u00e2nio colocou que pretende manter um clima de parceria com o poder legislativo e que conta com todos os vereadores para discutir as propostas de melhorias para a cidade. &#8220;Eu sempre apreciei a democracia e n\u00e3o existe democracia sem os tr\u00eas poderes. A constitui\u00e7\u00e3o diz que os tr\u00eas poderes s\u00e3o independentes e harm\u00f4nicos entre si. \u00c9 essa harmonia que eu quero cultivar nessa gest\u00e3o que ir\u00e1 se iniciar em 2017. &#8221; &#8211; Finalizou J\u00e2nio.<\/span><\/p>\n","protected":false},"excerpt":{"rendered":"<p>Na tarde dessa segunda-feira (19\/12) o Prefeito Eleito J\u00e2nio Natal, juntamente com seu Vice Janival Andrade, participou de um encontro onde estiveram presentes os atuais vereadores de Belmonte. J\u00e2nio os felicitou por todo o trabalho realizado nesses quatro anos de mandato e comentou que o seu objetivo \u00e9, junto com Janival, realizar as a\u00e7\u00f5es necess\u00e1rias [&hellip;]<\/p>\n","protected":false},"author":7,"featured_media":13341,"comment_status":"open","ping_status":"open","sticky":false,"template":"","format":"standard","meta":{"footnotes":""},"categories":[1,7],"tags":[108],"class_list":["post-13340","post","type-post","status-publish","format-standard","has-post-thumbnail","hentry","category-noticias","category-politica","tag-belmonte"],"_links":{"self":[{"href":"https:\/\/www.maisbn.com\/portal\/wp-json\/wp\/v2\/posts\/13340","targetHints":{"allow":["GET"]}}],"collection":[{"href":"https:\/\/www.maisbn.com\/portal\/wp-json\/wp\/v2\/posts"}],"about":[{"href":"https:\/\/www.maisbn.com\/portal\/wp-json\/wp\/v2\/types\/post"}],"author":[{"embeddable":true,"href":"https:\/\/www.maisbn.com\/portal\/wp-json\/wp\/v2\/users\/7"}],"replies":[{"embeddable":true,"href":"https:\/\/www.maisbn.com\/portal\/wp-json\/wp\/v2\/comments?post=13340"}],"version-history":[{"count":1,"href":"https:\/\/www.maisbn.com\/portal\/wp-json\/wp\/v2\/posts\/13340\/revisions"}],"predecessor-version":[{"id":13342,"href":"https:\/\/www.maisbn.com\/portal\/wp-json\/wp\/v2\/posts\/13340\/revisions\/13342"}],"wp:featuredmedia":[{"embeddable":true,"href":"https:\/\/www.maisbn.com\/portal\/wp-json\/wp\/v2\/media\/13341"}],"wp:attachment":[{"href":"https:\/\/www.maisbn.com\/portal\/wp-json\/wp\/v2\/media?parent=13340"}],"wp:term":[{"taxonomy":"category","embeddable":true,"href":"https:\/\/www.maisbn.com\/portal\/wp-json\/wp\/v2\/categories?post=13340"},{"taxonomy":"post_tag","embeddable":true,"href":"https:\/\/www.maisbn.com\/portal\/wp-json\/wp\/v2\/tags?post=13340"}],"curies":[{"name":"wp","href":"https:\/\/api.w.org\/{rel}","templated":true}]}}