{"id":13338,"date":"2016-12-21T09:46:36","date_gmt":"2016-12-21T12:46:36","guid":{"rendered":"http:\/\/www.maisbn.com\/portal\/?p=13338"},"modified":"2016-12-21T09:46:36","modified_gmt":"2016-12-21T12:46:36","slug":"tcm-rejeita-as-contas-do-prefeito-jorge-pontes-pela-terceira-vez-consecutiva","status":"publish","type":"post","link":"https:\/\/www.maisbn.com\/portal\/2016\/12\/tcm-rejeita-as-contas-do-prefeito-jorge-pontes-pela-terceira-vez-consecutiva\/","title":{"rendered":"TCM rejeita as contas do Prefeito Jorge Pontes pela terceira vez consecutiva."},"content":{"rendered":"<p class=\"western\" align=\"justify\"><a href=\"http:\/\/www.maisbn.com\/portal\/wp-content\/uploads\/2013\/07\/jorgepontes.jpg\"><img loading=\"lazy\" decoding=\"async\" class=\"aligncenter size-full wp-image-3251\" src=\"http:\/\/www.maisbn.com\/portal\/wp-content\/uploads\/2013\/07\/jorgepontes.jpg\" alt=\"jorgepontes\" width=\"650\" height=\"412\" srcset=\"https:\/\/www.maisbn.com\/portal\/wp-content\/uploads\/2013\/07\/jorgepontes.jpg 650w, https:\/\/www.maisbn.com\/portal\/wp-content\/uploads\/2013\/07\/jorgepontes-552x350.jpg 552w, https:\/\/www.maisbn.com\/portal\/wp-content\/uploads\/2013\/07\/jorgepontes-500x316.jpg 500w\" sizes=\"auto, (max-width: 650px) 100vw, 650px\" \/><\/a><\/p>\n<p class=\"western\" align=\"justify\"><span style=\"font-family: Arial,sans-serif; color: #000000;\"><span style=\"font-size: medium;\">O Tribunal de Contas dos Munic\u00edpios, nesta quarta-feira (30\/10), opinou pela rejei\u00e7\u00e3o das contas da Prefeitura de Santa Cruz Cabr\u00e1lia, na gest\u00e3o de Jorge Monteiro Pontes, relativas ao exerc\u00edcio de 2012.<\/span><\/span><\/p>\n<p class=\"western\" align=\"justify\"><span style=\"color: #000000;\"><span style=\"font-family: Arial,sans-serif;\"><span style=\"font-size: medium;\">O relator do parecer, Conselheiro Jos\u00e9 Alfredo Dias, solicitou a formula\u00e7\u00e3o de representa\u00e7\u00e3o ao Minist\u00e9rio P\u00fablico contra o gestor, determinou a restitui\u00e7\u00e3o ao er\u00e1rio municipal, com recursos pessoais, da quantia de R$ 52.136,36<\/span><\/span><span style=\"font-family: Arial,sans-serif;\"><span style=\"font-size: medium;\">, relativa a <\/span><\/span><span style=\"font-family: Arial,sans-serif;\"><span style=\"font-size: medium;\">aus\u00eancia de comprova\u00e7\u00e3o de despesa (R$ 48.049,13)<\/span><\/span><span style=\"font-family: Arial,sans-serif;\"><span style=\"font-size: medium;\">, <\/span><\/span><span style=\"font-family: Arial,sans-serif;\"><span style=\"font-size: medium;\">processo de pagamento n\u00e3o encaminhado \u00e0 Inspetoria Regional <\/span><\/span><span style=\"font-family: Arial,sans-serif;\"><span style=\"font-size: medium;\">(<\/span><\/span><span style=\"font-family: Arial,sans-serif;\"><span style=\"font-size: medium;\">R$ 2.000,00) <\/span><\/span><span style=\"font-family: Arial,sans-serif;\"><span style=\"font-size: medium;\">e p<\/span><\/span><span style=\"font-family: Arial,sans-serif;\"><span style=\"font-size: medium;\">agamento efetuado em duplicidade <\/span><\/span><span style=\"font-family: Arial,sans-serif;\"><span style=\"font-size: medium;\">(<\/span><\/span><span style=\"font-family: Arial,sans-serif;\"><span style=\"font-size: medium;\">R$ 2.087,23), al\u00e9m de multa de R$ 20.000,00. Ainda cabe recurso da decis\u00e3o.<\/span><\/span><\/span><\/p>\n<p class=\"western\" align=\"justify\"><span style=\"color: #000000;\"><span style=\"font-family: Arial,sans-serif;\"><span style=\"font-size: medium;\">A r<\/span><\/span><span style=\"font-family: Arial,sans-serif;\"><span style=\"font-size: medium;\">eceita arrecadada alcan\u00e7ou o valor total de R$ 51.460.109,51, enquanto as despesas executadas atingiram o montante de R$ 52.358.148,25, evidenciando um d\u00e9ficit or\u00e7ament\u00e1rio de R$ 898.038,74<\/span><\/span><\/span><\/p>\n<p class=\"western\" align=\"justify\"><span style=\"color: #000000;\"><span style=\"font-family: Arial,sans-serif;\"><span style=\"font-size: medium;\">Ao final do exerc\u00edcio, d<\/span><\/span><span style=\"font-family: Arial,sans-serif;\"><span style=\"font-size: medium;\">eduzidas as Consigna\u00e7\u00f5es\/Reten\u00e7\u00f5es, os Restos a Pagar de exerc\u00edcios anteriores e do atual, Despesas de Exerc\u00edcios Anteriores (DEA) e o cancelamento de d\u00edvida flutuante sem apresenta\u00e7\u00e3o do necess\u00e1rio processo administrativo, restou verificada a <\/span><\/span><span style=\"font-family: Arial,sans-serif;\"><span style=\"font-size: medium;\">indisponibilidade no montante de R$ 6.445.099,39<\/span><\/span><span style=\"font-family: Arial,sans-serif;\"><span style=\"font-size: medium;\">, em <\/span><\/span><span style=\"font-family: Arial,sans-serif;\"><span style=\"font-size: medium;\">inobserv\u00e2ncia ao disposto no artigo 42 da Lei de Responsabilidade Fiscal, o que comprometeu, irremediavelmente, o m\u00e9rito das contas, ensejando, pela expressividade, formula\u00e7\u00e3o de representa\u00e7\u00e3o ao Minist\u00e9rio P\u00fablico.<\/span><\/span><\/span><\/p>\n<p class=\"western\" align=\"justify\"><span style=\"color: #000000;\"><span style=\"font-family: Arial,sans-serif;\"><span style=\"font-size: medium;\">Tamb\u00e9m contribu\u00edram para a rejei\u00e7\u00e3o das contas a aplica\u00e7\u00e3o de apenas R$ 17.779.825,96 na manuten\u00e7\u00e3o e desenvolvimento do ensino, <\/span><\/span><span style=\"font-family: Arial,sans-serif;\"><span style=\"font-size: medium;\">que corresponde ao percentual de <\/span><\/span><span style=\"font-family: Arial,sans-serif;\"><span style=\"font-size: medium;\">24,48% <\/span><\/span><span style=\"font-family: Arial,sans-serif;\"><span style=\"font-size: medium;\">do total de impostos e transfer\u00eancias constitucionais, <\/span><\/span><span style=\"font-family: Arial,sans-serif;\"><span style=\"font-size: medium;\">em descumprimento ao art. 212 da Constitui\u00e7\u00e3o Federal que determina o m\u00ednimo de 25%<\/span><\/span><span style=\"font-family: Arial,sans-serif;\"><span style=\"font-size: medium;\">, e o investimento da quantia de <\/span><\/span><span style=\"font-family: Arial,sans-serif;\"><span style=\"font-size: medium;\">R$ 2.742.566,97 <\/span><\/span><span style=\"font-family: Arial,sans-serif;\"><span style=\"font-size: medium;\">nas a\u00e7\u00f5es e servi\u00e7os de sa\u00fade, equivalente a somente 11,09%, quando a norma legal exige pelo menos 15%.<\/span><\/span><\/span><\/p>\n<p class=\"western\" align=\"justify\"><span style=\"font-family: Arial,sans-serif; color: #000000;\"><span style=\"font-size: medium;\">O total da despesa com pessoal alcan\u00e7ou a import\u00e2ncia de R$ 33.141.303,25, representando o percentual de 69,47% da receita corrente l\u00edquida de R$ 47.707.658,25, ultrapassando o limite de 54% disposto no art. 20, inciso III, al\u00ednea &#8216;b&#8217;, da Lei Complementar n\u00ba 101\/00 \u2013 LRF.<\/span><\/span><\/p>\n<p class=\"western\" align=\"justify\"><span style=\"font-family: Arial,sans-serif;\"><span style=\"font-size: medium;\"><a href=\"http:\/\/www.tcm.ba.gov.br\/tcm\/DiretorioPublicacao\/docs\/cabralia3110.pdf\">\u00cdntegra <\/a><span style=\"color: #000000;\">do voto do relator das contas da Prefeitura de Santa Cruz Cabr\u00e1lia.<\/span><\/span><\/span><\/p>\n","protected":false},"excerpt":{"rendered":"<p>O Tribunal de Contas dos Munic\u00edpios, nesta quarta-feira (30\/10), opinou pela rejei\u00e7\u00e3o das contas da Prefeitura de Santa Cruz Cabr\u00e1lia, na gest\u00e3o de Jorge Monteiro Pontes, relativas ao exerc\u00edcio de 2012. O relator do parecer, Conselheiro Jos\u00e9 Alfredo Dias, solicitou a formula\u00e7\u00e3o de representa\u00e7\u00e3o ao Minist\u00e9rio P\u00fablico contra o gestor, determinou a restitui\u00e7\u00e3o ao er\u00e1rio [&hellip;]<\/p>\n","protected":false},"author":7,"featured_media":3251,"comment_status":"open","ping_status":"open","sticky":false,"template":"","format":"standard","meta":{"footnotes":""},"categories":[45,1],"tags":[108],"class_list":["post-13338","post","type-post","status-publish","format-standard","has-post-thumbnail","hentry","category-cidades","category-noticias","tag-belmonte"],"_links":{"self":[{"href":"https:\/\/www.maisbn.com\/portal\/wp-json\/wp\/v2\/posts\/13338","targetHints":{"allow":["GET"]}}],"collection":[{"href":"https:\/\/www.maisbn.com\/portal\/wp-json\/wp\/v2\/posts"}],"about":[{"href":"https:\/\/www.maisbn.com\/portal\/wp-json\/wp\/v2\/types\/post"}],"author":[{"embeddable":true,"href":"https:\/\/www.maisbn.com\/portal\/wp-json\/wp\/v2\/users\/7"}],"replies":[{"embeddable":true,"href":"https:\/\/www.maisbn.com\/portal\/wp-json\/wp\/v2\/comments?post=13338"}],"version-history":[{"count":1,"href":"https:\/\/www.maisbn.com\/portal\/wp-json\/wp\/v2\/posts\/13338\/revisions"}],"predecessor-version":[{"id":13339,"href":"https:\/\/www.maisbn.com\/portal\/wp-json\/wp\/v2\/posts\/13338\/revisions\/13339"}],"wp:featuredmedia":[{"embeddable":true,"href":"https:\/\/www.maisbn.com\/portal\/wp-json\/wp\/v2\/media\/3251"}],"wp:attachment":[{"href":"https:\/\/www.maisbn.com\/portal\/wp-json\/wp\/v2\/media?parent=13338"}],"wp:term":[{"taxonomy":"category","embeddable":true,"href":"https:\/\/www.maisbn.com\/portal\/wp-json\/wp\/v2\/categories?post=13338"},{"taxonomy":"post_tag","embeddable":true,"href":"https:\/\/www.maisbn.com\/portal\/wp-json\/wp\/v2\/tags?post=13338"}],"curies":[{"name":"wp","href":"https:\/\/api.w.org\/{rel}","templated":true}]}}