{"id":13335,"date":"2016-12-21T09:23:25","date_gmt":"2016-12-21T12:23:25","guid":{"rendered":"http:\/\/www.maisbn.com\/portal\/?p=13335"},"modified":"2016-12-21T09:23:25","modified_gmt":"2016-12-21T12:23:25","slug":"sob-pressao-michel-temer-antecipa-repasses-da-repatriacao-aos-municipios","status":"publish","type":"post","link":"https:\/\/www.maisbn.com\/portal\/2016\/12\/sob-pressao-michel-temer-antecipa-repasses-da-repatriacao-aos-municipios\/","title":{"rendered":"Sob press\u00e3o, Michel Temer antecipa repasses da repatria\u00e7\u00e3o aos munic\u00edpios."},"content":{"rendered":"<p><a href=\"http:\/\/www.maisbn.com\/portal\/wp-content\/uploads\/2016\/12\/O-ministro-da-Fazenda-Henrique-Meirelles-e-o-presidente-em-exercicio-Michel-Temer-l9a5824115851.jpg\"><img loading=\"lazy\" decoding=\"async\" class=\"aligncenter size-full wp-image-13336\" src=\"http:\/\/www.maisbn.com\/portal\/wp-content\/uploads\/2016\/12\/O-ministro-da-Fazenda-Henrique-Meirelles-e-o-presidente-em-exercicio-Michel-Temer-l9a5824115851.jpg\" alt=\"o-ministro-da-fazenda-henrique-meirelles-e-o-presidente-em-exercicio-michel-temer-l9a5824115851\" width=\"679\" height=\"400\" \/><\/a><\/p>\n<p><span style=\"color: #000000;\">O governo Temer decidiu rever a decis\u00e3o de repassar aos munic\u00edpios dinheiro proveniente da repatria\u00e7\u00e3o somente em 2017, antecipando o pagamento para o dia 30 de dezembro. Com isso, governos estaduais e municipais contar\u00e3o com recursos extras no fim deste ano para pagar servidores e despesas em atraso.<\/span><\/p>\n<p><span style=\"color: #000000;\">Ontem, foi publicado no Di\u00e1rio Oficial da Uni\u00e3o a medida provis\u00f3ria 753, que partilha com estados e munic\u00edpios os recursos arrecadados com a multa do programa de repatria\u00e7\u00e3o. Pelo texto, as prefeituras teriam acesso aos recursos s\u00f3 a partir de 1 de janeiro de 2017, no exerc\u00edcio financeiro do pr\u00f3ximo ano. Ap\u00f3s muita press\u00e3o dos prefeitos sobre o presidente Michel Temer, o governo decidiu antecipar em dois dias a libera\u00e7\u00e3o dos recursos, programando para o dia 30 de dezembro, dentro do exerc\u00edcio financeiro de 2016. A altera\u00e7\u00e3o foi publicada nesta ter\u00e7a-feira (20\/12), em edi\u00e7\u00e3o extra do Di\u00e1rio Oficial da Uni\u00e3o.<\/span><\/p>\n<p><span style=\"color: #000000;\">A divis\u00e3o desse dinheiro n\u00e3o estava prevista originalmente. A Uni\u00e3o concordava apenas em repassar a estados e munic\u00edpios a parcela obtida com o pagamento de Imposto de Renda (IR) recolhido pelos contribuintes que aderiram \u00e0 repatria\u00e7\u00e3o. A multa ficaria toda nas m\u00e3os do governo federal.<\/span><\/p>\n<p><span style=\"color: #000000;\">No entanto, os governadores recorreram ao Supremo Tribunal Federal (STF) alegando ter direito tamb\u00e9m \u00e0 multa. Como v\u00e1rios estados est\u00e3o em graves dificuldades financeiras, a equipe econ\u00f4mica aceitou fazer essa partilha. Na mesma linha, os munic\u00edpios tamb\u00e9m pediram o mesmo benef\u00edcio e foram atendidos. Governadores v\u00e3o receber cerca de R$ 5 bilh\u00f5es e os prefeitos um pouco mais do que isso. Ou seja, a Uni\u00e3o abrir\u00e1 m\u00e3o de mais de R$ 10 bilh\u00f5es.<\/span><\/p>\n<p><span style=\"color: #000000;\">O dinheiro ser\u00e1 repassado a governadores e prefeitos por meio dos fundos de participa\u00e7\u00e3o.<\/span><\/p>\n","protected":false},"excerpt":{"rendered":"<p>O governo Temer decidiu rever a decis\u00e3o de repassar aos munic\u00edpios dinheiro proveniente da repatria\u00e7\u00e3o somente em 2017, antecipando o pagamento para o dia 30 de dezembro. Com isso, governos estaduais e municipais contar\u00e3o com recursos extras no fim deste ano para pagar servidores e despesas em atraso. Ontem, foi publicado no Di\u00e1rio Oficial da [&hellip;]<\/p>\n","protected":false},"author":7,"featured_media":13336,"comment_status":"open","ping_status":"open","sticky":false,"template":"","format":"standard","meta":{"footnotes":""},"categories":[1,7],"tags":[108],"class_list":["post-13335","post","type-post","status-publish","format-standard","has-post-thumbnail","hentry","category-noticias","category-politica","tag-belmonte"],"_links":{"self":[{"href":"https:\/\/www.maisbn.com\/portal\/wp-json\/wp\/v2\/posts\/13335","targetHints":{"allow":["GET"]}}],"collection":[{"href":"https:\/\/www.maisbn.com\/portal\/wp-json\/wp\/v2\/posts"}],"about":[{"href":"https:\/\/www.maisbn.com\/portal\/wp-json\/wp\/v2\/types\/post"}],"author":[{"embeddable":true,"href":"https:\/\/www.maisbn.com\/portal\/wp-json\/wp\/v2\/users\/7"}],"replies":[{"embeddable":true,"href":"https:\/\/www.maisbn.com\/portal\/wp-json\/wp\/v2\/comments?post=13335"}],"version-history":[{"count":1,"href":"https:\/\/www.maisbn.com\/portal\/wp-json\/wp\/v2\/posts\/13335\/revisions"}],"predecessor-version":[{"id":13337,"href":"https:\/\/www.maisbn.com\/portal\/wp-json\/wp\/v2\/posts\/13335\/revisions\/13337"}],"wp:featuredmedia":[{"embeddable":true,"href":"https:\/\/www.maisbn.com\/portal\/wp-json\/wp\/v2\/media\/13336"}],"wp:attachment":[{"href":"https:\/\/www.maisbn.com\/portal\/wp-json\/wp\/v2\/media?parent=13335"}],"wp:term":[{"taxonomy":"category","embeddable":true,"href":"https:\/\/www.maisbn.com\/portal\/wp-json\/wp\/v2\/categories?post=13335"},{"taxonomy":"post_tag","embeddable":true,"href":"https:\/\/www.maisbn.com\/portal\/wp-json\/wp\/v2\/tags?post=13335"}],"curies":[{"name":"wp","href":"https:\/\/api.w.org\/{rel}","templated":true}]}}