{"id":13324,"date":"2016-12-21T08:53:36","date_gmt":"2016-12-21T11:53:36","guid":{"rendered":"http:\/\/www.maisbn.com\/portal\/?p=13324"},"modified":"2016-12-21T08:53:36","modified_gmt":"2016-12-21T11:53:36","slug":"janio-natal-realiza-reunioes-para-definir-iniciativas-e-parametros-do-novo-governo","status":"publish","type":"post","link":"https:\/\/www.maisbn.com\/portal\/2016\/12\/janio-natal-realiza-reunioes-para-definir-iniciativas-e-parametros-do-novo-governo\/","title":{"rendered":"J\u00e2nio Natal realiza reuni\u00f5es para definir iniciativas e par\u00e2metros do novo governo."},"content":{"rendered":"<p><span style=\"color: #000000;\">Nessa segunda-feira (19\/12) o Deputado e futuro prefeito de Belmonte J\u00e2nio Natal teve uma agenda cheia de reuni\u00f5es importantes com o objetivo de desenhar as primeiras a\u00e7\u00f5es da nova gest\u00e3o belmontense que come\u00e7a a partir de 2017.<\/span><\/p>\n<p><span style=\"color: #000000;\"><a style=\"color: #000000;\" href=\"http:\/\/www.maisbn.com\/portal\/wp-content\/uploads\/2016\/12\/reunioes_janio00030.jpg\"><img loading=\"lazy\" decoding=\"async\" class=\"aligncenter size-full wp-image-13325\" src=\"http:\/\/www.maisbn.com\/portal\/wp-content\/uploads\/2016\/12\/reunioes_janio00030.jpg\" alt=\"reunioes_janio00030\" width=\"650\" height=\"412\" \/><\/a><\/span><\/p>\n<p><span style=\"color: #000000;\">A primeira reuni\u00e3o foi realizada em sua resid\u00eancia onde J\u00e2nio Natal recebeu para almo\u00e7ar Rodrig\u00e3o, jogador do Santos e alguns amigos. Durante a reuni\u00e3o J\u00e2nio felicitou mais uma vez o atleta e comentou que estava muito feliz por ter um profissional de qualidade levando o nome de Belmonte para todo o pa\u00eds. O deputado tamb\u00e9m comentou a situa\u00e7\u00e3o do Est\u00e1dio Municipal Orland\u00e3o 70 e colocou que pretende recome\u00e7ar as obras de recupera\u00e7\u00e3o e entreg\u00e1-lo o mais r\u00e1pido poss\u00edvel aos esportistas belmontenses que sentem falta de vibrar com as participa\u00e7\u00f5es da Sele\u00e7\u00e3o de Belmonte no Intermunicipal. Durante a conversa o Deputado ainda recebeu a visita do Sr. Agnelo, futuro prefeito de Santa Cruz Cabr\u00e1lia, J\u00e2nio comentou que planeja uma parceria com Agnelo para que se tenha mais for\u00e7a para pleitear melhorias para os dois munic\u00edpios.<\/span><\/p>\n<p><span style=\"color: #000000;\"><a style=\"color: #000000;\" href=\"http:\/\/www.maisbn.com\/portal\/wp-content\/uploads\/2016\/12\/reunioes_janio00001.jpg\"><img loading=\"lazy\" decoding=\"async\" class=\"aligncenter size-full wp-image-13326\" src=\"http:\/\/www.maisbn.com\/portal\/wp-content\/uploads\/2016\/12\/reunioes_janio00001.jpg\" alt=\"reunioes_janio00001\" width=\"650\" height=\"412\" \/><\/a><\/span><\/p>\n<p><span style=\"color: #000000;\">Logo ap\u00f3s J\u00e2nio Natal seguiu para Belmonte levando consigo Dr. M\u00e1rcio, Diretor do DERBA. Durante a viagem o deputado comentou com o diretor a situa\u00e7\u00e3o da BA-001 no trecho entre Belmonte e Cabr\u00e1lia e colocou que alguma medida tem que ser tomada, j\u00e1 que, a rodovia hoje representa perigo de vida para as pessoas.<\/span><\/p>\n<p><a href=\"http:\/\/www.maisbn.com\/portal\/wp-content\/uploads\/2016\/12\/reunioes_janio00029.jpg\"><img loading=\"lazy\" decoding=\"async\" class=\"aligncenter size-full wp-image-13327\" src=\"http:\/\/www.maisbn.com\/portal\/wp-content\/uploads\/2016\/12\/reunioes_janio00029.jpg\" alt=\"reunioes_janio00029\" width=\"650\" height=\"412\" \/><\/a><\/p>\n<p><span style=\"color: #000000;\">A \u00faltima reuni\u00e3o realizada foi com os profissionais da sa\u00fade de Belmonte onde J\u00e2nio Natal, seu vice Janival Andrade e seu secretariado apresentaram as propostas da nova gest\u00e3o para \u00e1rea.\u00a0 O Secretario de Sa\u00fade Tarcio Lapa falou sobre a situa\u00e7\u00e3o atual e planejamentos para sua gest\u00e3o, em seguida apresentou o DR. Bruno Pessoa que ser\u00e1 o diretor clinico do Hospital Municipal.<\/span><\/p>\n<p><a href=\"http:\/\/www.maisbn.com\/portal\/wp-content\/uploads\/2016\/12\/reunioes_janio00005.jpg\"><img loading=\"lazy\" decoding=\"async\" class=\"aligncenter size-full wp-image-13328\" src=\"http:\/\/www.maisbn.com\/portal\/wp-content\/uploads\/2016\/12\/reunioes_janio00005.jpg\" alt=\"reunioes_janio00005\" width=\"650\" height=\"412\" \/><\/a><\/p>\n<p><span style=\"color: #000000;\">O Secret\u00e1rio de Comunica\u00e7\u00e3o e Rela\u00e7\u00f5es Institucionais Orlando (turista) falou um pouco sobre a situa\u00e7\u00e3o geral da prefeitura e passou a palavra para o Prefeito Eleito J\u00e2nio Natal , que agradeceu a presen\u00e7a de todos e convidou o enfermeiro Ricardo Goes \u00a0para falar um pouco da realidade que vive atualmente a sa\u00fade belmontense. J\u00e2nio\u00a0tamb\u00e9m\u00a0falou sobre os desafios do seu governo e que pretende trabalhar sempre com uni\u00e3o entre todos os setores da administra\u00e7\u00e3o.<\/span><\/p>\n<p><a href=\"http:\/\/www.maisbn.com\/portal\/wp-content\/uploads\/2016\/12\/reunioes_janio00028.jpg\"><img loading=\"lazy\" decoding=\"async\" class=\"aligncenter size-full wp-image-13329\" src=\"http:\/\/www.maisbn.com\/portal\/wp-content\/uploads\/2016\/12\/reunioes_janio00028.jpg\" alt=\"reunioes_janio00028\" width=\"650\" height=\"412\" \/><\/a><\/p>\n<p><span style=\"color: #000000;\">A palavra tamb\u00e9m foi passada para o Dr. M\u00e1rcio que respondeu os questionamentos dos presentes quanto \u00e0 recupera\u00e7\u00e3o da BA-001. Ao final, J\u00e2nio Natal agradeceu a todos e pediu o comprometimento de todos os profissionais para que Belmonte tenha uma sa\u00fade de qualidade.<\/span><\/p>\n<p><span style=\"color: #3366ff;\"><em>Fotos gentilmente cedidas pelo site Portal do Guaiamun<\/em><\/span><\/p>\n","protected":false},"excerpt":{"rendered":"<p>Nessa segunda-feira (19\/12) o Deputado e futuro prefeito de Belmonte J\u00e2nio Natal teve uma agenda cheia de reuni\u00f5es importantes com o objetivo de desenhar as primeiras a\u00e7\u00f5es da nova gest\u00e3o belmontense que come\u00e7a a partir de 2017. A primeira reuni\u00e3o foi realizada em sua resid\u00eancia onde J\u00e2nio Natal recebeu para almo\u00e7ar Rodrig\u00e3o, jogador do Santos [&hellip;]<\/p>\n","protected":false},"author":7,"featured_media":13330,"comment_status":"open","ping_status":"open","sticky":false,"template":"","format":"standard","meta":{"footnotes":""},"categories":[1,7],"tags":[108],"class_list":["post-13324","post","type-post","status-publish","format-standard","has-post-thumbnail","hentry","category-noticias","category-politica","tag-belmonte"],"_links":{"self":[{"href":"https:\/\/www.maisbn.com\/portal\/wp-json\/wp\/v2\/posts\/13324","targetHints":{"allow":["GET"]}}],"collection":[{"href":"https:\/\/www.maisbn.com\/portal\/wp-json\/wp\/v2\/posts"}],"about":[{"href":"https:\/\/www.maisbn.com\/portal\/wp-json\/wp\/v2\/types\/post"}],"author":[{"embeddable":true,"href":"https:\/\/www.maisbn.com\/portal\/wp-json\/wp\/v2\/users\/7"}],"replies":[{"embeddable":true,"href":"https:\/\/www.maisbn.com\/portal\/wp-json\/wp\/v2\/comments?post=13324"}],"version-history":[{"count":1,"href":"https:\/\/www.maisbn.com\/portal\/wp-json\/wp\/v2\/posts\/13324\/revisions"}],"predecessor-version":[{"id":13331,"href":"https:\/\/www.maisbn.com\/portal\/wp-json\/wp\/v2\/posts\/13324\/revisions\/13331"}],"wp:featuredmedia":[{"embeddable":true,"href":"https:\/\/www.maisbn.com\/portal\/wp-json\/wp\/v2\/media\/13330"}],"wp:attachment":[{"href":"https:\/\/www.maisbn.com\/portal\/wp-json\/wp\/v2\/media?parent=13324"}],"wp:term":[{"taxonomy":"category","embeddable":true,"href":"https:\/\/www.maisbn.com\/portal\/wp-json\/wp\/v2\/categories?post=13324"},{"taxonomy":"post_tag","embeddable":true,"href":"https:\/\/www.maisbn.com\/portal\/wp-json\/wp\/v2\/tags?post=13324"}],"curies":[{"name":"wp","href":"https:\/\/api.w.org\/{rel}","templated":true}]}}