{"id":13296,"date":"2016-12-19T13:14:30","date_gmt":"2016-12-19T16:14:30","guid":{"rendered":"http:\/\/www.maisbn.com\/portal\/?p=13296"},"modified":"2016-12-19T13:14:30","modified_gmt":"2016-12-19T16:14:30","slug":"veracel-celulose-e-eleita-lider-do-estado-da-bahia-pelo-premio-lideres-do-brasil-2016","status":"publish","type":"post","link":"https:\/\/www.maisbn.com\/portal\/2016\/12\/veracel-celulose-e-eleita-lider-do-estado-da-bahia-pelo-premio-lideres-do-brasil-2016\/","title":{"rendered":"Veracel Celulose \u00e9 eleita l\u00edder do estado da Bahia pelo Pr\u00eamio L\u00edderes do Brasil 2016."},"content":{"rendered":"<p><a href=\"http:\/\/www.maisbn.com\/portal\/wp-content\/uploads\/2016\/12\/LIDE.jpg\"><img loading=\"lazy\" decoding=\"async\" class=\"aligncenter size-full wp-image-13297\" src=\"http:\/\/www.maisbn.com\/portal\/wp-content\/uploads\/2016\/12\/LIDE.jpg\" alt=\"lide\" width=\"670\" height=\"446\" \/><\/a><\/p>\n<p><span style=\"color: #000000;\">A Veracel Celulose recebeu o Pr\u00eamio L\u00edderes do Brasil 2016, como empresa l\u00edder do estado da Bahia, em cerim\u00f4nia realizada na noite do dia 12\/12, na capital de S\u00e3o Paulo. O evento contou com a presen\u00e7a do Presidente da Rep\u00fablica Michel Temer, do Governador de S\u00e3o Paulo Geraldo Alckmin, Ministros de Estado, incluindo o Ministro da Fazenda Henrique Meirelles, de todos os premiados, outras autoridades e patrocinadores da iniciativa.<\/span><\/p>\n<p><span style=\"color: #000000;\">O diretor presidente, Antonio Sergio Alipio, recebeu a homenagem em nome da empresa. \u201cEste pr\u00eamio reconhece a relev\u00e2ncia da empresa tanto para o Sul Bahia quanto em todo o estado baiano. Tamb\u00e9m \u00e9 um reconhecimento das nossas a\u00e7\u00f5es de contribui\u00e7\u00e3o para o desenvolvimento do nosso territ\u00f3rio\u201d, disse Alipio.\u00a0<\/span><\/p>\n<p><span style=\"color: #000000;\">Promovido pelo Grupo de L\u00edderes Empresariais &#8211; LIDE, o Pr\u00eamio homenageia empresas e seus l\u00edderes em diversos setores da economia. Nesta edi\u00e7\u00e3o, foram 47 premiados, indicados por um j\u00fari oficial, al\u00e9m de homenagens aos protagonistas que obtiveram \u00eaxito nos neg\u00f3cios e\/ou na gest\u00e3o. Para prestigiar a forte atua\u00e7\u00e3o das unidades regionais do LIDE presentes em todo o Pa\u00eds, esta 6\u00aa edi\u00e7\u00e3o do Pr\u00eamio destacou o l\u00edder de cada regi\u00e3o onde o grupo atua.<\/span><\/p>\n","protected":false},"excerpt":{"rendered":"<p>A Veracel Celulose recebeu o Pr\u00eamio L\u00edderes do Brasil 2016, como empresa l\u00edder do estado da Bahia, em cerim\u00f4nia realizada na noite do dia 12\/12, na capital de S\u00e3o Paulo. O evento contou com a presen\u00e7a do Presidente da Rep\u00fablica Michel Temer, do Governador de S\u00e3o Paulo Geraldo Alckmin, Ministros de Estado, incluindo o Ministro [&hellip;]<\/p>\n","protected":false},"author":7,"featured_media":13297,"comment_status":"open","ping_status":"open","sticky":false,"template":"","format":"standard","meta":{"footnotes":""},"categories":[29,1],"tags":[108],"class_list":["post-13296","post","type-post","status-publish","format-standard","has-post-thumbnail","hentry","category-empreendimentos","category-noticias","tag-belmonte"],"_links":{"self":[{"href":"https:\/\/www.maisbn.com\/portal\/wp-json\/wp\/v2\/posts\/13296","targetHints":{"allow":["GET"]}}],"collection":[{"href":"https:\/\/www.maisbn.com\/portal\/wp-json\/wp\/v2\/posts"}],"about":[{"href":"https:\/\/www.maisbn.com\/portal\/wp-json\/wp\/v2\/types\/post"}],"author":[{"embeddable":true,"href":"https:\/\/www.maisbn.com\/portal\/wp-json\/wp\/v2\/users\/7"}],"replies":[{"embeddable":true,"href":"https:\/\/www.maisbn.com\/portal\/wp-json\/wp\/v2\/comments?post=13296"}],"version-history":[{"count":1,"href":"https:\/\/www.maisbn.com\/portal\/wp-json\/wp\/v2\/posts\/13296\/revisions"}],"predecessor-version":[{"id":13298,"href":"https:\/\/www.maisbn.com\/portal\/wp-json\/wp\/v2\/posts\/13296\/revisions\/13298"}],"wp:featuredmedia":[{"embeddable":true,"href":"https:\/\/www.maisbn.com\/portal\/wp-json\/wp\/v2\/media\/13297"}],"wp:attachment":[{"href":"https:\/\/www.maisbn.com\/portal\/wp-json\/wp\/v2\/media?parent=13296"}],"wp:term":[{"taxonomy":"category","embeddable":true,"href":"https:\/\/www.maisbn.com\/portal\/wp-json\/wp\/v2\/categories?post=13296"},{"taxonomy":"post_tag","embeddable":true,"href":"https:\/\/www.maisbn.com\/portal\/wp-json\/wp\/v2\/tags?post=13296"}],"curies":[{"name":"wp","href":"https:\/\/api.w.org\/{rel}","templated":true}]}}