{"id":13275,"date":"2016-10-16T22:07:26","date_gmt":"2016-10-17T01:07:26","guid":{"rendered":"http:\/\/www.maisbn.com\/portal\/?p=13275"},"modified":"2016-12-17T12:04:25","modified_gmt":"2016-12-17T15:04:25","slug":"janio-natal-revela-os-nomes-dos-secretarios-municipais-que-comporao-o-seu-governo","status":"publish","type":"post","link":"https:\/\/www.maisbn.com\/portal\/2016\/10\/janio-natal-revela-os-nomes-dos-secretarios-municipais-que-comporao-o-seu-governo\/","title":{"rendered":"J\u00e2nio Natal revela os nomes dos Secret\u00e1rios Municipais que compor\u00e3o o seu governo."},"content":{"rendered":"<p><a href=\"http:\/\/www.maisbn.com\/portal\/wp-content\/uploads\/2016\/02\/dep_janio_natal.jpg\"><img loading=\"lazy\" decoding=\"async\" class=\"aligncenter size-full wp-image-10178\" src=\"http:\/\/www.maisbn.com\/portal\/wp-content\/uploads\/2016\/02\/dep_janio_natal.jpg\" alt=\"dep_janio_natal\" width=\"530\" height=\"352\" \/><\/a><\/p>\n<p><span style=\"color: #000000;\">Na tarde dessa sexta-feira (16\/12), logo ap\u00f3s a diploma\u00e7\u00e3o do Prefeito Eleito J\u00e2nio Natal, seu Vice Janival Andrade e os vereadores eleitos, o grande suspense acabou e a popula\u00e7\u00e3o belmontense teve acesso a alguns nomes que compor\u00e3o o primeiro escal\u00e3o da pr\u00f3xima gest\u00e3o municipal que come\u00e7ar\u00e1 a partir de Janeiro de 2017.<\/span><\/p>\n<p><span style=\"color: #000000;\">J\u00e2nio Natal e Janival Andrade comentaram com nossa equipe que foram escolhidas pessoas capacitadas e comprometidas com Belmonte e que a pr\u00f3xima gest\u00e3o ser\u00e1 baseada na busca de resultados que tragam melhorias para a cidade. &#8220;Belmonte n\u00e3o tem mais tempo pra ficar esperando por um futuro melhor. N\u00f3s temos que nos basear no presente e fazer as coisas acontecerem agora. O nosso povo merece e esse vai ser o nosso compromisso nessa pr\u00f3xima gest\u00e3o.&#8221; &#8211; Comentou o Prefeito Eleito J\u00e2nio Natal.<\/span><\/p>\n<p><span style=\"color: #000000;\">Segue abaixo os primeiros nomes revelados:<\/span><\/p>\n<p><span style=\"color: #000000;\"><em>Secretaria Municipal de Finan\u00e7as \u2013 Alexandre Heater<\/em><\/span><br \/>\n<span style=\"color: #000000;\"><em>Secretaria Municipal de Meio Ambiente \u2013 Raimundo Carvalho<\/em><\/span><br \/>\n<span style=\"color: #000000;\"><em>Secretaria Municipal de Turismo, Cultura e Esportes \u2013 Herculano Assis<\/em><\/span><br \/>\n<span style=\"color: #000000;\"><em>Secretaria Municipal de Assist\u00eancia Social \u2013 D&#8217; Ajuda Menezes Borges<\/em><\/span><br \/>\n<span style=\"color: #000000;\"><em>Secretaria Municipal de Agricultura e Pesca \u2013 Francisco Lopes<\/em><\/span><br \/>\n<span style=\"color: #000000;\"><em>Secretaria Municipal de Infra Estrutura(obras, servi\u00e7os p\u00fablicos, transportes) e Interior \u2013 Luciano Alves<\/em><\/span><br \/>\n<span style=\"color: #000000;\"><em>Secretaria Municipal de Governo \u2013 Rodrigo Martins<\/em><\/span><br \/>\n<span style=\"color: #000000;\"><em>Secretaria Municipal de Comunica\u00e7\u00e3o e Rela\u00e7\u00f5es Institucionais \u2013 Orlando Paternostro<\/em><\/span><br \/>\n<span style=\"color: #000000;\"><em>Secret\u00e1ria Municipal de Sa\u00fade &#8211; Tarcio Lapa.<\/em><\/span><\/p>\n<p><span style=\"color: #000000;\">Ainda faltam os nomes da Secretaria de Administra\u00e7\u00e3o, Secretaria de Planejamento e Desenvolvimento Econ\u00f4mico e Secretaria de Educa\u00e7\u00e3o. O Prefeito Eleito J\u00e2nio Natal informou que os nomes est\u00e3o sendo escolhidos e sondados e que nos pr\u00f3ximos dias ser\u00e1 apresentada a lista completa das pessoas que o ajudar\u00e3o a administrar a cidade a partir do pr\u00f3ximo ano.<\/span><\/p>\n<p>&nbsp;<\/p>\n<p>&nbsp;<\/p>\n<p>&nbsp;<\/p>\n","protected":false},"excerpt":{"rendered":"<p>Na tarde dessa sexta-feira (16\/12), logo ap\u00f3s a diploma\u00e7\u00e3o do Prefeito Eleito J\u00e2nio Natal, seu Vice Janival Andrade e os vereadores eleitos, o grande suspense acabou e a popula\u00e7\u00e3o belmontense teve acesso a alguns nomes que compor\u00e3o o primeiro escal\u00e3o da pr\u00f3xima gest\u00e3o municipal que come\u00e7ar\u00e1 a partir de Janeiro de 2017. J\u00e2nio Natal e [&hellip;]<\/p>\n","protected":false},"author":7,"featured_media":10178,"comment_status":"open","ping_status":"open","sticky":false,"template":"","format":"standard","meta":{"footnotes":""},"categories":[1,7],"tags":[108],"class_list":["post-13275","post","type-post","status-publish","format-standard","has-post-thumbnail","hentry","category-noticias","category-politica","tag-belmonte"],"_links":{"self":[{"href":"https:\/\/www.maisbn.com\/portal\/wp-json\/wp\/v2\/posts\/13275","targetHints":{"allow":["GET"]}}],"collection":[{"href":"https:\/\/www.maisbn.com\/portal\/wp-json\/wp\/v2\/posts"}],"about":[{"href":"https:\/\/www.maisbn.com\/portal\/wp-json\/wp\/v2\/types\/post"}],"author":[{"embeddable":true,"href":"https:\/\/www.maisbn.com\/portal\/wp-json\/wp\/v2\/users\/7"}],"replies":[{"embeddable":true,"href":"https:\/\/www.maisbn.com\/portal\/wp-json\/wp\/v2\/comments?post=13275"}],"version-history":[{"count":4,"href":"https:\/\/www.maisbn.com\/portal\/wp-json\/wp\/v2\/posts\/13275\/revisions"}],"predecessor-version":[{"id":13290,"href":"https:\/\/www.maisbn.com\/portal\/wp-json\/wp\/v2\/posts\/13275\/revisions\/13290"}],"wp:featuredmedia":[{"embeddable":true,"href":"https:\/\/www.maisbn.com\/portal\/wp-json\/wp\/v2\/media\/10178"}],"wp:attachment":[{"href":"https:\/\/www.maisbn.com\/portal\/wp-json\/wp\/v2\/media?parent=13275"}],"wp:term":[{"taxonomy":"category","embeddable":true,"href":"https:\/\/www.maisbn.com\/portal\/wp-json\/wp\/v2\/categories?post=13275"},{"taxonomy":"post_tag","embeddable":true,"href":"https:\/\/www.maisbn.com\/portal\/wp-json\/wp\/v2\/tags?post=13275"}],"curies":[{"name":"wp","href":"https:\/\/api.w.org\/{rel}","templated":true}]}}