{"id":13264,"date":"2016-12-15T23:39:43","date_gmt":"2016-12-16T02:39:43","guid":{"rendered":"http:\/\/www.maisbn.com\/portal\/?p=13264"},"modified":"2016-12-15T23:39:43","modified_gmt":"2016-12-16T02:39:43","slug":"reuniao-define-a-mesa-diretora-da-camara-de-vereadores-de-belmonte-para-2017","status":"publish","type":"post","link":"https:\/\/www.maisbn.com\/portal\/2016\/12\/reuniao-define-a-mesa-diretora-da-camara-de-vereadores-de-belmonte-para-2017\/","title":{"rendered":"Reuni\u00e3o define a Mesa Diretora da C\u00e2mara de Vereadores de Belmonte para 2017."},"content":{"rendered":"<p><a href=\"http:\/\/www.maisbn.com\/portal\/wp-content\/uploads\/2015\/08\/camaraemprestimo_0041.jpg\"><img loading=\"lazy\" decoding=\"async\" class=\"aligncenter size-full wp-image-8312\" src=\"http:\/\/www.maisbn.com\/portal\/wp-content\/uploads\/2015\/08\/camaraemprestimo_0041.jpg\" alt=\"camaraemprestimo_0041\" width=\"650\" height=\"412\" \/><\/a><\/p>\n<p><span style=\"color: #000000;\">Na tarde dessa quinta-feira (15\/12), uma reuni\u00e3o onde estiveram presentes o Prefeito Eleito J\u00e2nio Natal e seu Vice Janival Andrade ficou definida a composi\u00e7\u00e3o da Mesa Diretora que assumir\u00e1 os comandos da C\u00e2mara Municipal de Vereadores de Belmonte a partir de 2017. Segue rela\u00e7\u00e3o abaixo:<\/span><\/p>\n<p><span style=\"color: #000000;\">Presidente da C\u00e2mara de Vereadores &#8211; Aelson Matos (Calango)<\/span><\/p>\n<p><span style=\"color: #000000;\">Vice Presidente: Alfredo Abecerb<\/span><\/p>\n<p><span style=\"color: #000000;\">Primeiro Secret\u00e1rio &#8211; Kek\u00e9<\/span><\/p>\n<p><span style=\"color: #000000;\">Segundo Secret\u00e1rio &#8211; Idinho.<\/span><\/p>\n<p><span style=\"color: #000000;\">J\u00e2nio Natal e Janival comentaram que ficaram felizes com a escolha dos nomes e que espera ter uma rela\u00e7\u00e3o de parceria com o Legislativo belmontense na busca de um futuro melhor para o munic\u00edpio.<\/span><\/p>\n","protected":false},"excerpt":{"rendered":"<p>Na tarde dessa quinta-feira (15\/12), uma reuni\u00e3o onde estiveram presentes o Prefeito Eleito J\u00e2nio Natal e seu Vice Janival Andrade ficou definida a composi\u00e7\u00e3o da Mesa Diretora que assumir\u00e1 os comandos da C\u00e2mara Municipal de Vereadores de Belmonte a partir de 2017. Segue rela\u00e7\u00e3o abaixo: Presidente da C\u00e2mara de Vereadores &#8211; Aelson Matos (Calango) Vice [&hellip;]<\/p>\n","protected":false},"author":7,"featured_media":8312,"comment_status":"open","ping_status":"open","sticky":false,"template":"","format":"standard","meta":{"footnotes":""},"categories":[1,7],"tags":[108],"class_list":["post-13264","post","type-post","status-publish","format-standard","has-post-thumbnail","hentry","category-noticias","category-politica","tag-belmonte"],"_links":{"self":[{"href":"https:\/\/www.maisbn.com\/portal\/wp-json\/wp\/v2\/posts\/13264","targetHints":{"allow":["GET"]}}],"collection":[{"href":"https:\/\/www.maisbn.com\/portal\/wp-json\/wp\/v2\/posts"}],"about":[{"href":"https:\/\/www.maisbn.com\/portal\/wp-json\/wp\/v2\/types\/post"}],"author":[{"embeddable":true,"href":"https:\/\/www.maisbn.com\/portal\/wp-json\/wp\/v2\/users\/7"}],"replies":[{"embeddable":true,"href":"https:\/\/www.maisbn.com\/portal\/wp-json\/wp\/v2\/comments?post=13264"}],"version-history":[{"count":1,"href":"https:\/\/www.maisbn.com\/portal\/wp-json\/wp\/v2\/posts\/13264\/revisions"}],"predecessor-version":[{"id":13265,"href":"https:\/\/www.maisbn.com\/portal\/wp-json\/wp\/v2\/posts\/13264\/revisions\/13265"}],"wp:featuredmedia":[{"embeddable":true,"href":"https:\/\/www.maisbn.com\/portal\/wp-json\/wp\/v2\/media\/8312"}],"wp:attachment":[{"href":"https:\/\/www.maisbn.com\/portal\/wp-json\/wp\/v2\/media?parent=13264"}],"wp:term":[{"taxonomy":"category","embeddable":true,"href":"https:\/\/www.maisbn.com\/portal\/wp-json\/wp\/v2\/categories?post=13264"},{"taxonomy":"post_tag","embeddable":true,"href":"https:\/\/www.maisbn.com\/portal\/wp-json\/wp\/v2\/tags?post=13264"}],"curies":[{"name":"wp","href":"https:\/\/api.w.org\/{rel}","templated":true}]}}