{"id":13262,"date":"2016-12-15T19:43:30","date_gmt":"2016-12-15T22:43:30","guid":{"rendered":"http:\/\/www.maisbn.com\/portal\/?p=13262"},"modified":"2016-12-15T19:43:30","modified_gmt":"2016-12-15T22:43:30","slug":"vereadores-de-belmonte-votam-escondidos-do-povo-o-reajuste-dos-proprios-salarios","status":"publish","type":"post","link":"https:\/\/www.maisbn.com\/portal\/2016\/12\/vereadores-de-belmonte-votam-escondidos-do-povo-o-reajuste-dos-proprios-salarios\/","title":{"rendered":"Vereadores de Belmonte votam escondidos do povo o reajuste dos pr\u00f3prios sal\u00e1rios."},"content":{"rendered":"<p><a href=\"http:\/\/www.maisbn.com\/portal\/wp-content\/uploads\/2014\/12\/camara_belmonte.jpg\"><img loading=\"lazy\" decoding=\"async\" class=\"aligncenter size-full wp-image-6567\" src=\"http:\/\/www.maisbn.com\/portal\/wp-content\/uploads\/2014\/12\/camara_belmonte.jpg\" alt=\"camara_belmonte\" width=\"528\" height=\"277\" \/><\/a><\/p>\n<p><span style=\"color: #000000;\">A C\u00e2mara de Vereadores de Belmonte na manh\u00e3 dessa quinta-feira (15\/12) aprovou em vota\u00e7\u00e3o interna o pol\u00eamico aumento dos Vereadores, Secret\u00e1rios Municipais, Prefeito e Vice-prefeito da cidade que ser\u00e3o pagos na pr\u00f3xima gest\u00e3o que come\u00e7a em 2017. Com a aprova\u00e7\u00e3o, os Vereadores receber\u00e3o no pr\u00f3ximo ano R$ 7.500,00, o sal\u00e1rio dos Secret\u00e1rios Municipais foi atualizado para o valor de R$ 7.400,00. O sal\u00e1rio do futuro Prefeito foi atualizado para o valor de R$ 17.000,00 e do Vice-prefeito passar\u00e1 para o valor de R$ 8.500,00.<\/span><\/p>\n<p><span style=\"color: #000000;\">O reajuste recebeu 10 votos a favor e 01 contra. Nossa equipe conseguiu entrar em contato com o Vereador Carlinhos da Col\u00f4nia que foi o \u00fanico que se posicionou contr\u00e1rio ao Projeto. Carlinhos revelou para a nossa reportagem que o mesmo foi chamado pela manh\u00e3 em sua casa para comparecer \u00e0 C\u00e2mara de Vereadores e que chegou l\u00e1 a Ata da Vota\u00e7\u00e3o j\u00e1 estava pronta esperando a sua assinatura. &#8220;A ata teve que ser refeita porque eu neguei votar a favor desse reajuste, ali\u00e1s, eu nem tinha votado. Eu n\u00e3o sabia que o projeto estava sendo votado naquela amanh\u00e3. Eu continuo sendo contra a esse reajuste e n\u00e3o irei mudar as minhas convic\u00e7\u00f5es.&#8221;<\/span><\/p>\n<div id=\"attachment_10519\" style=\"width: 660px\" class=\"wp-caption aligncenter\"><a href=\"http:\/\/www.maisbn.com\/portal\/wp-content\/uploads\/2016\/03\/carlinhos_alice00001.jpg\"><img loading=\"lazy\" decoding=\"async\" aria-describedby=\"caption-attachment-10519\" class=\"wp-image-10519 size-full\" src=\"http:\/\/www.maisbn.com\/portal\/wp-content\/uploads\/2016\/03\/carlinhos_alice00001.jpg\" alt=\"carlinhos_alice00001\" width=\"650\" height=\"412\" \/><\/a><p id=\"caption-attachment-10519\" class=\"wp-caption-text\">Vereador Carlinhos no destaque com a Prefeita Alice Britto. O vereador votou contra ao projeto de reajuste dos sal\u00e1rios.<\/p><\/div>\n<p><span style=\"color: #000000;\">O povo belmontense est\u00e1 revoltado com a situa\u00e7\u00e3o, j\u00e1 que, a popula\u00e7\u00e3o j\u00e1 tinha se colocado contra aos reajustes por entender que era imoral um aumento t\u00e3o significativo em meio \u00e0 situa\u00e7\u00e3o de crise econ\u00f4mica que vive o munic\u00edpio. Os vereadores est\u00e3o sendo taxados nas ruas como traidores por n\u00e3o ter tido a coragem de olhar nos olhos do povo em uma vota\u00e7\u00e3o aberta ao p\u00fablico. &#8220;Que lindo, um vereador que n\u00e3o tem ensino m\u00e9dio poder ganhar R$ 7.500,00 e o professor se acaba na sala de aula pra ganhar um sal\u00e1rio de mis\u00e9ria. Viva aos Vereadores para n\u00e3o resolver nada.&#8221; &#8211; Comentou uma professora revoltada nas redes sociais.<\/span><\/p>\n<p><span style=\"color: #000000;\">A grande d\u00favida que paira no ar \u00e9 se essa \u00e9 a primeira ou a segunda vota\u00e7\u00e3o, j\u00e1 que, o Projeto de Lei precisa de duas para ser aprovado pela C\u00e2mara de Vereadores e ser enviado para ser sancionado pela Prefeita Alice Britto. O Vereador Carlinhos da Col\u00f4nia informou para a nossa reportagem que essa \u00e9 a primeira vota\u00e7\u00e3o que ele participa e que n\u00e3o foi chamado para nenhuma outra reuni\u00e3o sobre o reajuste. As informa\u00e7\u00f5es que temos \u00e9 que as resolu\u00e7\u00f5es sobre o tema continuar\u00e3o sendo tomadas internamente porque os vereadores tem medo da rea\u00e7\u00e3o da popula\u00e7\u00e3o se o Projeto for votado em Sess\u00e3o Ordin\u00e1ria com a presen\u00e7a da popula\u00e7\u00e3o.<\/span><\/p>\n","protected":false},"excerpt":{"rendered":"<p>A C\u00e2mara de Vereadores de Belmonte na manh\u00e3 dessa quinta-feira (15\/12) aprovou em vota\u00e7\u00e3o interna o pol\u00eamico aumento dos Vereadores, Secret\u00e1rios Municipais, Prefeito e Vice-prefeito da cidade que ser\u00e3o pagos na pr\u00f3xima gest\u00e3o que come\u00e7a em 2017. Com a aprova\u00e7\u00e3o, os Vereadores receber\u00e3o no pr\u00f3ximo ano R$ 7.500,00, o sal\u00e1rio dos Secret\u00e1rios Municipais foi atualizado [&hellip;]<\/p>\n","protected":false},"author":7,"featured_media":6567,"comment_status":"open","ping_status":"open","sticky":false,"template":"","format":"standard","meta":{"footnotes":""},"categories":[1,7],"tags":[108],"class_list":["post-13262","post","type-post","status-publish","format-standard","has-post-thumbnail","hentry","category-noticias","category-politica","tag-belmonte"],"_links":{"self":[{"href":"https:\/\/www.maisbn.com\/portal\/wp-json\/wp\/v2\/posts\/13262","targetHints":{"allow":["GET"]}}],"collection":[{"href":"https:\/\/www.maisbn.com\/portal\/wp-json\/wp\/v2\/posts"}],"about":[{"href":"https:\/\/www.maisbn.com\/portal\/wp-json\/wp\/v2\/types\/post"}],"author":[{"embeddable":true,"href":"https:\/\/www.maisbn.com\/portal\/wp-json\/wp\/v2\/users\/7"}],"replies":[{"embeddable":true,"href":"https:\/\/www.maisbn.com\/portal\/wp-json\/wp\/v2\/comments?post=13262"}],"version-history":[{"count":1,"href":"https:\/\/www.maisbn.com\/portal\/wp-json\/wp\/v2\/posts\/13262\/revisions"}],"predecessor-version":[{"id":13263,"href":"https:\/\/www.maisbn.com\/portal\/wp-json\/wp\/v2\/posts\/13262\/revisions\/13263"}],"wp:featuredmedia":[{"embeddable":true,"href":"https:\/\/www.maisbn.com\/portal\/wp-json\/wp\/v2\/media\/6567"}],"wp:attachment":[{"href":"https:\/\/www.maisbn.com\/portal\/wp-json\/wp\/v2\/media?parent=13262"}],"wp:term":[{"taxonomy":"category","embeddable":true,"href":"https:\/\/www.maisbn.com\/portal\/wp-json\/wp\/v2\/categories?post=13262"},{"taxonomy":"post_tag","embeddable":true,"href":"https:\/\/www.maisbn.com\/portal\/wp-json\/wp\/v2\/tags?post=13262"}],"curies":[{"name":"wp","href":"https:\/\/api.w.org\/{rel}","templated":true}]}}