{"id":13256,"date":"2016-12-15T17:31:18","date_gmt":"2016-12-15T20:31:18","guid":{"rendered":"http:\/\/www.maisbn.com\/portal\/?p=13256"},"modified":"2016-12-15T17:31:18","modified_gmt":"2016-12-15T20:31:18","slug":"incendio-consome-loja-da-rede-de-supermercados-cambui-em-coroa-vermelha","status":"publish","type":"post","link":"https:\/\/www.maisbn.com\/portal\/2016\/12\/incendio-consome-loja-da-rede-de-supermercados-cambui-em-coroa-vermelha\/","title":{"rendered":"Inc\u00eandio consome loja da rede de Supermercados Cambu\u00ed em Coroa Vermelha."},"content":{"rendered":"<p><span style=\"color: #000000;\"><a style=\"color: #000000;\" href=\"http:\/\/www.maisbn.com\/portal\/wp-content\/uploads\/2016\/12\/incendiocambui00004.jpg\"><img loading=\"lazy\" decoding=\"async\" class=\"aligncenter size-full wp-image-13257\" src=\"http:\/\/www.maisbn.com\/portal\/wp-content\/uploads\/2016\/12\/incendiocambui00004.jpg\" alt=\"incendiocambui00004\" width=\"650\" height=\"412\" \/><\/a><\/span><\/p>\n<p><span style=\"color: #000000;\">Um inc\u00eandio que come\u00e7ou no dep\u00f3sito do Supermercado Cambu\u00ed em Coroa Vermelha consumiu praticamente toda a loja e continua dando trabalho aos bombeiros que tentam conter as chamas para n\u00e3o comprometer os im\u00f3veis vizinhos.<\/span><\/p>\n<p><span style=\"color: #000000;\"><a style=\"color: #000000;\" href=\"http:\/\/www.maisbn.com\/portal\/wp-content\/uploads\/2016\/12\/incendiocambui00002.jpg\"><img loading=\"lazy\" decoding=\"async\" class=\"aligncenter size-full wp-image-13258\" src=\"http:\/\/www.maisbn.com\/portal\/wp-content\/uploads\/2016\/12\/incendiocambui00002.jpg\" alt=\"incendiocambui00002\" width=\"650\" height=\"412\" \/><\/a><\/span><\/p>\n<p><span style=\"color: #000000;\">Cerca de 15 bombeiros trabalham para conter o fogo e, segundo informa\u00e7\u00f5es, n\u00e3o houve feridos. As primeiras suspeitas \u00e9 que as chamas teriam sido causadas por um curto-circuito na rede el\u00e9tric<\/span>a.<\/p>\n","protected":false},"excerpt":{"rendered":"<p>Um inc\u00eandio que come\u00e7ou no dep\u00f3sito do Supermercado Cambu\u00ed em Coroa Vermelha consumiu praticamente toda a loja e continua dando trabalho aos bombeiros que tentam conter as chamas para n\u00e3o comprometer os im\u00f3veis vizinhos. Cerca de 15 bombeiros trabalham para conter o fogo e, segundo informa\u00e7\u00f5es, n\u00e3o houve feridos. As primeiras suspeitas \u00e9 que as [&hellip;]<\/p>\n","protected":false},"author":7,"featured_media":13257,"comment_status":"open","ping_status":"open","sticky":false,"template":"","format":"standard","meta":{"footnotes":""},"categories":[45,1],"tags":[108],"class_list":["post-13256","post","type-post","status-publish","format-standard","has-post-thumbnail","hentry","category-cidades","category-noticias","tag-belmonte"],"_links":{"self":[{"href":"https:\/\/www.maisbn.com\/portal\/wp-json\/wp\/v2\/posts\/13256","targetHints":{"allow":["GET"]}}],"collection":[{"href":"https:\/\/www.maisbn.com\/portal\/wp-json\/wp\/v2\/posts"}],"about":[{"href":"https:\/\/www.maisbn.com\/portal\/wp-json\/wp\/v2\/types\/post"}],"author":[{"embeddable":true,"href":"https:\/\/www.maisbn.com\/portal\/wp-json\/wp\/v2\/users\/7"}],"replies":[{"embeddable":true,"href":"https:\/\/www.maisbn.com\/portal\/wp-json\/wp\/v2\/comments?post=13256"}],"version-history":[{"count":1,"href":"https:\/\/www.maisbn.com\/portal\/wp-json\/wp\/v2\/posts\/13256\/revisions"}],"predecessor-version":[{"id":13259,"href":"https:\/\/www.maisbn.com\/portal\/wp-json\/wp\/v2\/posts\/13256\/revisions\/13259"}],"wp:featuredmedia":[{"embeddable":true,"href":"https:\/\/www.maisbn.com\/portal\/wp-json\/wp\/v2\/media\/13257"}],"wp:attachment":[{"href":"https:\/\/www.maisbn.com\/portal\/wp-json\/wp\/v2\/media?parent=13256"}],"wp:term":[{"taxonomy":"category","embeddable":true,"href":"https:\/\/www.maisbn.com\/portal\/wp-json\/wp\/v2\/categories?post=13256"},{"taxonomy":"post_tag","embeddable":true,"href":"https:\/\/www.maisbn.com\/portal\/wp-json\/wp\/v2\/tags?post=13256"}],"curies":[{"name":"wp","href":"https:\/\/api.w.org\/{rel}","templated":true}]}}