{"id":13249,"date":"2016-12-15T13:32:46","date_gmt":"2016-12-15T16:32:46","guid":{"rendered":"http:\/\/www.maisbn.com\/portal\/?p=13249"},"modified":"2016-12-15T13:32:46","modified_gmt":"2016-12-15T16:32:46","slug":"belmontenses-buscam-ajuda-da-veracel-para-a-recuperacao-do-asfalto-da-ba-001","status":"publish","type":"post","link":"https:\/\/www.maisbn.com\/portal\/2016\/12\/belmontenses-buscam-ajuda-da-veracel-para-a-recuperacao-do-asfalto-da-ba-001\/","title":{"rendered":"Belmontenses buscam ajuda da Veracel para a recupera\u00e7\u00e3o do asfalto da BA-001."},"content":{"rendered":"<p><span style=\"color: #000000;\">Representantes da Sociedade Civil de Belmonte Organizada pela recupera\u00e7\u00e3o da Rodovia BA-001 tiveram uma reuni\u00e3o com representantes da empresa Veracel Celulose no objetivo de pleitear uma ajuda da empresa na busca da manuten\u00e7\u00e3o do asfalto da via junto ao Governo do Estado da Bahia.<\/span><\/p>\n<p><span style=\"color: #000000;\"><a style=\"color: #000000;\" href=\"http:\/\/www.maisbn.com\/portal\/wp-content\/uploads\/2016\/12\/reuniaoveracel00001.jpg\"><img loading=\"lazy\" decoding=\"async\" class=\"aligncenter size-full wp-image-13252\" src=\"http:\/\/www.maisbn.com\/portal\/wp-content\/uploads\/2016\/12\/reuniaoveracel00001.jpg\" alt=\"reuniaoveracel00001\" width=\"650\" height=\"412\" \/><\/a><\/span><\/p>\n<p><span style=\"color: #000000;\">Os representantes belmontenses foram recebidos pelo Sr. Pedro Cardoso, Chefe de Comunica\u00e7\u00e3o da Veracel. Durante a reuni\u00e3o, um dos belmontenses presentes pediu que a empresa estendesse um pouco a sua programa\u00e7\u00e3o de manuten\u00e7\u00e3o para que contemplasse o trecho entre o Terminal Mar\u00edtimo da Veracel e a sede do munic\u00edpio de Belmonte que se encontra em p\u00e9ssimo estado com enormes crateras que representam perigo para as pessoas que trafegam no local.<\/span><\/p>\n<p><span style=\"color: #000000;\"><a style=\"color: #000000;\" href=\"http:\/\/www.maisbn.com\/portal\/wp-content\/uploads\/2016\/12\/reuniaoveracel00002.jpg\"><img loading=\"lazy\" decoding=\"async\" class=\"aligncenter size-full wp-image-13253\" src=\"http:\/\/www.maisbn.com\/portal\/wp-content\/uploads\/2016\/12\/reuniaoveracel00002.jpg\" alt=\"reuniaoveracel00002\" width=\"650\" height=\"412\" \/><\/a><\/span><\/p>\n<p><span style=\"color: #000000;\">O Sr. Pedro Cardoso explicou que a rodovia n\u00e3o \u00e9 de responsabilidade da empresa e que a mesma n\u00e3o tinha como assumir esse compromisso. O Chefe de Comunica\u00e7\u00e3o ainda esclareceu que a BA-275 tamb\u00e9m n\u00e3o \u00e9 de responsabilidade da Veracel, mas que, a empresa fez um conv\u00eanio com o Governo do Estado da Bahia na \u00e9poca de sua implanta\u00e7\u00e3o porque ela seria uma das principais usu\u00e1rias da rodovia. &#8220;N\u00f3s ainda fazemos investimentos em estradas que contemplam as \u00e1reas mais remotas do munic\u00edpio como os povoados do Ub\u00fa, Buraco do Bicho, Santa Maria Eterna, Boca do C\u00f3rrego, entre outras v\u00e1rias localidades.&#8221; Pedro Cardoso ainda colocou que essas malhas vi\u00e1rias sob os cuidados da Veracel permitem o desenvolvimento econ\u00f4mico dessas \u00e1reas, onde v\u00e1rias empresas usam as estradas para escoar os seus produtos. O representante da Veracel finalizou dizendo que a empresa est\u00e1 disposta a ser uma parceira na busca pela reforma da BA-001 e que a mesma ajudar\u00e1 nas negocia\u00e7\u00f5es junto ao Governador Rui Costa para achar uma solu\u00e7\u00e3o para o problema.<\/span><\/p>\n<p><span style=\"color: #000000;\"><a style=\"color: #000000;\" href=\"http:\/\/www.maisbn.com\/portal\/wp-content\/uploads\/2016\/12\/reuniaoveracel00003.jpg\"><img loading=\"lazy\" decoding=\"async\" class=\"aligncenter size-full wp-image-13254\" src=\"http:\/\/www.maisbn.com\/portal\/wp-content\/uploads\/2016\/12\/reuniaoveracel00003.jpg\" alt=\"reuniaoveracel00003\" width=\"650\" height=\"412\" \/><\/a><\/span><\/p>\n<p><span style=\"color: #000000;\">O Sr. Luciano Andrade (Luluca) comentou com nossa reportagem que o objetivo n\u00e3o \u00e9 prejudicar a Veracel, e sim, buscar ajuda. &#8220;Um pedido nosso pode n\u00e3o ser ouvido pelo Governador, mas, um pedido da Veracel \u00e9 uma for\u00e7a muito maior. Continuaremos nessa luta e queremos agregar ainda mais parceiros para que nossa voz seja ouvida e para que possamos conseguir o t\u00e3o sonhado recapeamento dessa rodovia t\u00e3o importante para os belmontenses.&#8221; &#8211; Comentou Luluca.<\/span><\/p>\n<p>&nbsp;<\/p>\n","protected":false},"excerpt":{"rendered":"<p>Representantes da Sociedade Civil de Belmonte Organizada pela recupera\u00e7\u00e3o da Rodovia BA-001 tiveram uma reuni\u00e3o com representantes da empresa Veracel Celulose no objetivo de pleitear uma ajuda da empresa na busca da manuten\u00e7\u00e3o do asfalto da via junto ao Governo do Estado da Bahia. Os representantes belmontenses foram recebidos pelo Sr. Pedro Cardoso, Chefe de [&hellip;]<\/p>\n","protected":false},"author":7,"featured_media":13254,"comment_status":"open","ping_status":"open","sticky":false,"template":"","format":"standard","meta":{"footnotes":""},"categories":[20,1],"tags":[108],"class_list":["post-13249","post","type-post","status-publish","format-standard","has-post-thumbnail","hentry","category-bahia","category-noticias","tag-belmonte"],"_links":{"self":[{"href":"https:\/\/www.maisbn.com\/portal\/wp-json\/wp\/v2\/posts\/13249","targetHints":{"allow":["GET"]}}],"collection":[{"href":"https:\/\/www.maisbn.com\/portal\/wp-json\/wp\/v2\/posts"}],"about":[{"href":"https:\/\/www.maisbn.com\/portal\/wp-json\/wp\/v2\/types\/post"}],"author":[{"embeddable":true,"href":"https:\/\/www.maisbn.com\/portal\/wp-json\/wp\/v2\/users\/7"}],"replies":[{"embeddable":true,"href":"https:\/\/www.maisbn.com\/portal\/wp-json\/wp\/v2\/comments?post=13249"}],"version-history":[{"count":2,"href":"https:\/\/www.maisbn.com\/portal\/wp-json\/wp\/v2\/posts\/13249\/revisions"}],"predecessor-version":[{"id":13255,"href":"https:\/\/www.maisbn.com\/portal\/wp-json\/wp\/v2\/posts\/13249\/revisions\/13255"}],"wp:featuredmedia":[{"embeddable":true,"href":"https:\/\/www.maisbn.com\/portal\/wp-json\/wp\/v2\/media\/13254"}],"wp:attachment":[{"href":"https:\/\/www.maisbn.com\/portal\/wp-json\/wp\/v2\/media?parent=13249"}],"wp:term":[{"taxonomy":"category","embeddable":true,"href":"https:\/\/www.maisbn.com\/portal\/wp-json\/wp\/v2\/categories?post=13249"},{"taxonomy":"post_tag","embeddable":true,"href":"https:\/\/www.maisbn.com\/portal\/wp-json\/wp\/v2\/tags?post=13249"}],"curies":[{"name":"wp","href":"https:\/\/api.w.org\/{rel}","templated":true}]}}