{"id":13221,"date":"2016-12-13T21:37:35","date_gmt":"2016-12-14T00:37:35","guid":{"rendered":"http:\/\/www.maisbn.com\/portal\/?p=13221"},"modified":"2016-12-13T21:47:47","modified_gmt":"2016-12-14T00:47:47","slug":"operacao-da-policia-militar-de-belmonte-prende-um-dos-chefes-do-trafico-na-cidade","status":"publish","type":"post","link":"https:\/\/www.maisbn.com\/portal\/2016\/12\/operacao-da-policia-militar-de-belmonte-prende-um-dos-chefes-do-trafico-na-cidade\/","title":{"rendered":"Opera\u00e7\u00e3o da Policia Militar de Belmonte prende um dos chefes do tr\u00e1fico na cidade."},"content":{"rendered":"<div id=\"attachment_13225\" style=\"width: 660px\" class=\"wp-caption aligncenter\"><a href=\"http:\/\/www.maisbn.com\/portal\/wp-content\/uploads\/2016\/12\/danpreso00005.jpg\"><img loading=\"lazy\" decoding=\"async\" aria-describedby=\"caption-attachment-13225\" class=\"size-full wp-image-13225\" src=\"http:\/\/www.maisbn.com\/portal\/wp-content\/uploads\/2016\/12\/danpreso00005.jpg\" alt=\"Danilo Rosa de Santana, acusado de ser um dos chefes do tr\u00e1fico, cometer assaltos a m\u00e3o armada e homicida.\" width=\"650\" height=\"412\" \/><\/a><p id=\"caption-attachment-13225\" class=\"wp-caption-text\">Danilo Rosa de Santana, acusado de ser um dos chefes do tr\u00e1fico, assaltos a m\u00e3o armada e dois homic\u00eddios.<\/p><\/div>\n<p>Uma opera\u00e7\u00e3o bem sucedida da Policia Militar de Belmonte desferiu um duro golpe no Tr\u00e1fico de entorpecentes da cidade na tarde dessa ter\u00e7a-feira (13\/12). Estamos falando da pris\u00e3o do indiv\u00edduo identificado como Danilo Rosa de Santana (20 anos), vulgo Dan, que \u00e9 considerado um dos chefes do Tr\u00e1fico de entorpecentes em Belmonte e ainda pesa sobre ele a acusa\u00e7\u00e3o de ser autor de dois homic\u00eddios ocorridos na cidade. Danilo no momento da pris\u00e3o estava acompanhado por Jos\u00e9 Rodrigo de Jesus Santos (18 anos) e um menor de iniciais D.L.L.<\/p>\n<div id=\"attachment_13224\" style=\"width: 710px\" class=\"wp-caption aligncenter\"><a href=\"http:\/\/www.maisbn.com\/portal\/wp-content\/uploads\/2016\/12\/mosaico_presodan.jpg\"><img loading=\"lazy\" decoding=\"async\" aria-describedby=\"caption-attachment-13224\" class=\"size-full wp-image-13224\" src=\"http:\/\/www.maisbn.com\/portal\/wp-content\/uploads\/2016\/12\/mosaico_presodan.jpg\" alt=\"Material encontrado no local e os dois comparsas que acompanhavam Dan.\" width=\"700\" height=\"450\" \/><\/a><p id=\"caption-attachment-13224\" class=\"wp-caption-text\">Material encontrado no local e os dois comparsas que acompanhavam Dan.<\/p><\/div>\n<p>O trio de meliantes foi encontrado em uma resid\u00eancia localizada na Rua Severino Vieira I durante uma opera\u00e7\u00e3o que culminou em um cerco ao local onde os mesmos foram presos e n\u00e3o tiveram chances de fugir e nem reagir. No local foram encontrados 105 buchas de maconha, 06 cartuchos intactos calibre .32, 06 cartuchos intactos calibre .38, 01 Rev\u00f3lver Cal. 32, 01 Revolver Calibre .38, 02 receptores de marca Century, 01 DVD de marca Lenox, 01 m\u00e1scara Brucutu, 04 celulares, jantes de bicicleta, 05 quadros de bicicleta, 01 bicicleta. Os indiv\u00edduos ainda s\u00e3o acusados de cometer diversos furtos e assaltos a m\u00e3o armada e de provocar um clima de terror pelas ruas da cidade.<\/p>\n<p>&nbsp;<\/p>\n<p>&nbsp;<\/p>\n","protected":false},"excerpt":{"rendered":"<p>Uma opera\u00e7\u00e3o bem sucedida da Policia Militar de Belmonte desferiu um duro golpe no Tr\u00e1fico de entorpecentes da cidade na tarde dessa ter\u00e7a-feira (13\/12). Estamos falando da pris\u00e3o do indiv\u00edduo identificado como Danilo Rosa de Santana (20 anos), vulgo Dan, que \u00e9 considerado um dos chefes do Tr\u00e1fico de entorpecentes em Belmonte e ainda pesa [&hellip;]<\/p>\n","protected":false},"author":7,"featured_media":13225,"comment_status":"open","ping_status":"open","sticky":false,"template":"","format":"standard","meta":{"footnotes":""},"categories":[1,16],"tags":[108],"class_list":["post-13221","post","type-post","status-publish","format-standard","has-post-thumbnail","hentry","category-noticias","category-policial","tag-belmonte"],"_links":{"self":[{"href":"https:\/\/www.maisbn.com\/portal\/wp-json\/wp\/v2\/posts\/13221","targetHints":{"allow":["GET"]}}],"collection":[{"href":"https:\/\/www.maisbn.com\/portal\/wp-json\/wp\/v2\/posts"}],"about":[{"href":"https:\/\/www.maisbn.com\/portal\/wp-json\/wp\/v2\/types\/post"}],"author":[{"embeddable":true,"href":"https:\/\/www.maisbn.com\/portal\/wp-json\/wp\/v2\/users\/7"}],"replies":[{"embeddable":true,"href":"https:\/\/www.maisbn.com\/portal\/wp-json\/wp\/v2\/comments?post=13221"}],"version-history":[{"count":4,"href":"https:\/\/www.maisbn.com\/portal\/wp-json\/wp\/v2\/posts\/13221\/revisions"}],"predecessor-version":[{"id":13228,"href":"https:\/\/www.maisbn.com\/portal\/wp-json\/wp\/v2\/posts\/13221\/revisions\/13228"}],"wp:featuredmedia":[{"embeddable":true,"href":"https:\/\/www.maisbn.com\/portal\/wp-json\/wp\/v2\/media\/13225"}],"wp:attachment":[{"href":"https:\/\/www.maisbn.com\/portal\/wp-json\/wp\/v2\/media?parent=13221"}],"wp:term":[{"taxonomy":"category","embeddable":true,"href":"https:\/\/www.maisbn.com\/portal\/wp-json\/wp\/v2\/categories?post=13221"},{"taxonomy":"post_tag","embeddable":true,"href":"https:\/\/www.maisbn.com\/portal\/wp-json\/wp\/v2\/tags?post=13221"}],"curies":[{"name":"wp","href":"https:\/\/api.w.org\/{rel}","templated":true}]}}