{"id":13210,"date":"2016-12-12T12:20:57","date_gmt":"2016-12-12T15:20:57","guid":{"rendered":"http:\/\/www.maisbn.com\/portal\/?p=13210"},"modified":"2016-12-12T12:20:57","modified_gmt":"2016-12-12T15:20:57","slug":"suplente-se-desespera-e-realiza-manobras-e-ataques-contra-ao-deputado-janio-natal","status":"publish","type":"post","link":"https:\/\/www.maisbn.com\/portal\/2016\/12\/suplente-se-desespera-e-realiza-manobras-e-ataques-contra-ao-deputado-janio-natal\/","title":{"rendered":"Suplente se desespera e realiza manobras e ataques contra ao Deputado J\u00e2nio Natal."},"content":{"rendered":"<p><a href=\"http:\/\/www.maisbn.com\/portal\/wp-content\/uploads\/2016\/12\/na-mira.jpg\"><img loading=\"lazy\" decoding=\"async\" class=\"aligncenter wp-image-13213 size-full\" src=\"http:\/\/www.maisbn.com\/portal\/wp-content\/uploads\/2016\/12\/na-mira-e1481556048459.jpg\" alt=\"na-mira\" width=\"700\" height=\"317\" \/><\/a><\/p>\n<p><span style=\"color: #000000;\">O suplente de deputado Uziel Bueno,hoje filiado ao PTN e primeiro suplente de deputado estadual nas elei\u00e7\u00f5es de 2014, na coliga\u00e7\u00e3o da qual o deputado estadual J\u00e2nio Natal fez parte, est\u00e1 desesperado com a hip\u00f3tese do deputado J\u00e2nio, eleito prefeito no munic\u00edpio de Belmonte, n\u00e3o assumir o mandato naquela cidade. Caso J\u00e2nio renuncie ao direito de assumir a Prefeitura, Uziel Bueno continuar\u00e1 sem mandato. Esta \u00e9 a considerada a principal causa dos ataques desferidos contra o Deputado.<\/span><\/p>\n<p><span style=\"color: #000000;\">Como forma de tentar for\u00e7ar o Deputado J\u00e2nio Natal a assumir o mandato de prefeito, o suplente Uziel Bueno, que foi, recentemente(2016), derrotado nas urnas de Salvador, como candidato a vereador, est\u00e1 espalhando faixas com textos agressivos contra J\u00e2nio, na porta da Assembleia Legislativa e nas ruas da cidade de Belmonte. N\u00e3o satisfeito, est\u00e1 plantando notas nos blogs da regi\u00e3o sul da Bahia, com ataques a J\u00e2nio e ao presidente estadual do PTN, Deputado Federal Jo\u00e3o Bacelar, na tentativa de que J\u00e2nio tome posse na prefeitura de Belmonte e, consequentemente, ele(Uziel), como suplente, assuma o lugar de J\u00e2nio na Assembleia Legislativa.<\/span><\/p>\n<p><span style=\"color: #000000;\">Consultado sobre a quest\u00e3o, o Deputado Estadual J\u00e2nio Natal declarou que, ao longo dos seus anos de pol\u00edtica, nunca se deixou influenciar por qualquer tipo de press\u00e3o, cal\u00fania ou amea\u00e7a. Declarou ainda achar a forma usada por Uziel muito infantil, prim\u00e1ria e desonesta, provando um verdadeiro despreparo pessoal, profissional e emocional. &#8220;Tomarei oportunamente a decis\u00e3o de assumir ou n\u00e3o a Prefeitura pensando sempre no melhor para Belmonte e observando os crit\u00e9rios da Lei contidos no Art. 54 da nossa Constitui\u00e7\u00e3o Federal.&#8221; &#8211; Finalizou o Deputado Estadual J\u00e2nio Natal.<\/span><\/p>\n<p>&nbsp;<\/p>\n<p>&nbsp;<\/p>\n","protected":false},"excerpt":{"rendered":"<p>O suplente de deputado Uziel Bueno,hoje filiado ao PTN e primeiro suplente de deputado estadual nas elei\u00e7\u00f5es de 2014, na coliga\u00e7\u00e3o da qual o deputado estadual J\u00e2nio Natal fez parte, est\u00e1 desesperado com a hip\u00f3tese do deputado J\u00e2nio, eleito prefeito no munic\u00edpio de Belmonte, n\u00e3o assumir o mandato naquela cidade. Caso J\u00e2nio renuncie ao direito [&hellip;]<\/p>\n","protected":false},"author":7,"featured_media":13213,"comment_status":"open","ping_status":"open","sticky":false,"template":"","format":"standard","meta":{"footnotes":""},"categories":[1],"tags":[],"class_list":["post-13210","post","type-post","status-publish","format-standard","has-post-thumbnail","hentry","category-noticias"],"_links":{"self":[{"href":"https:\/\/www.maisbn.com\/portal\/wp-json\/wp\/v2\/posts\/13210","targetHints":{"allow":["GET"]}}],"collection":[{"href":"https:\/\/www.maisbn.com\/portal\/wp-json\/wp\/v2\/posts"}],"about":[{"href":"https:\/\/www.maisbn.com\/portal\/wp-json\/wp\/v2\/types\/post"}],"author":[{"embeddable":true,"href":"https:\/\/www.maisbn.com\/portal\/wp-json\/wp\/v2\/users\/7"}],"replies":[{"embeddable":true,"href":"https:\/\/www.maisbn.com\/portal\/wp-json\/wp\/v2\/comments?post=13210"}],"version-history":[{"count":3,"href":"https:\/\/www.maisbn.com\/portal\/wp-json\/wp\/v2\/posts\/13210\/revisions"}],"predecessor-version":[{"id":13214,"href":"https:\/\/www.maisbn.com\/portal\/wp-json\/wp\/v2\/posts\/13210\/revisions\/13214"}],"wp:featuredmedia":[{"embeddable":true,"href":"https:\/\/www.maisbn.com\/portal\/wp-json\/wp\/v2\/media\/13213"}],"wp:attachment":[{"href":"https:\/\/www.maisbn.com\/portal\/wp-json\/wp\/v2\/media?parent=13210"}],"wp:term":[{"taxonomy":"category","embeddable":true,"href":"https:\/\/www.maisbn.com\/portal\/wp-json\/wp\/v2\/categories?post=13210"},{"taxonomy":"post_tag","embeddable":true,"href":"https:\/\/www.maisbn.com\/portal\/wp-json\/wp\/v2\/tags?post=13210"}],"curies":[{"name":"wp","href":"https:\/\/api.w.org\/{rel}","templated":true}]}}