{"id":13208,"date":"2016-12-11T10:21:44","date_gmt":"2016-12-11T13:21:44","guid":{"rendered":"http:\/\/www.maisbn.com\/portal\/?p=13208"},"modified":"2016-12-11T10:21:44","modified_gmt":"2016-12-11T13:21:44","slug":"oposicao-nao-se-conforma-com-a-derrota-e-desfere-ataques-contra-a-janio-e-janival-2","status":"publish","type":"post","link":"https:\/\/www.maisbn.com\/portal\/2016\/12\/oposicao-nao-se-conforma-com-a-derrota-e-desfere-ataques-contra-a-janio-e-janival-2\/","title":{"rendered":"Oposi\u00e7\u00e3o n\u00e3o se conforma com a derrota e desfere ataques contra a J\u00e2nio e Janival."},"content":{"rendered":"<p>Com a aproxima\u00e7\u00e3o da diploma\u00e7\u00e3o dos prefeitos e vereadores eleitos em Belmonte, que est\u00e1 marcada para o pr\u00f3ximo dia\u00a016\/12, \u00e0s 16\u00a0horas, no F\u00f3rum local, o clima pol\u00edtico da cidade vem esquentando. Agora, os ataques e manobras recaem sobre o Deputado Estadual e Prefeito eleito J\u00e2nio Natal e seu irm\u00e3o Janival que est\u00e3o sendo acusados pela oposi\u00e7\u00e3o de enganar o povo por causa de uma suposta ren\u00fancia de J\u00e2nio ao cargo de prefeito da cidade.<\/p>\n<dl id=\"attachment_13193\" class=\"wp-caption aligncenter\" style=\"width: 754px;\">\n<dt class=\"wp-caption-dt\"><a style=\"color: #000000;\" href=\"http:\/\/www.maisbn.com\/portal\/wp-content\/uploads\/2016\/12\/janio-002.jpg\"><img loading=\"lazy\" decoding=\"async\" class=\"wp-image-13193 size-full\" src=\"http:\/\/www.maisbn.com\/portal\/wp-content\/uploads\/2016\/12\/janio-002.jpg\" alt=\"janio-002\" width=\"744\" height=\"419\" \/><\/a><\/dt>\n<dd class=\"wp-caption-dd\"><span style=\"color: #000000;\">Faixas Misteriosas apareceram na cidade tentando incitar a popula\u00e7\u00e3o contra o Deputado Estadual J\u00e2nio Natal.<\/span><\/dd>\n<\/dl>\n<p>Diante disso, a oposi\u00e7\u00e3o tentando inflamar a popula\u00e7\u00e3o, espalhou faixas pela cidade tratando sobre o fato. Outro tamb\u00e9m que se manifestou a \u00f3rg\u00e3os da imprensa foi o ex-prefeito e candidato derrotado I\u00eado Elias. Ele comentou que espera o desenrolar dos fatos para poder entrar na justi\u00e7a. &#8220;O que aconteceu foi uma falta de compromisso com a popula\u00e7\u00e3o de Belmonte. Essa situa\u00e7\u00e3o ludibriou o eleitor, at\u00e9 porque o irm\u00e3o dele j\u00e1 foi derrotado outras duas vezes na cidade.\u00a0 O ex gestor acrescentou que j\u00e1 \u00e9 tradi\u00e7\u00e3o J\u00e2nio Natal renunciar seus mandatos de prefeito, no munic\u00edpio. &#8220;Por duas outras vezes que ele foi prefeito, renunciou. Na campanha, nos meus discursos, falei dessa possibilidade de ren\u00fancia, mesmo assim, os eleitores resolveram votar nele. A marca dele em Belmonte \u00e9 sempre de ren\u00fancia&#8221;, avaliou o ex-prefeito e candidato derrotado, em entrevista a um site da regi\u00e3o.<\/p>\n<p><span style=\"color: #000000;\">\u00a0<\/span><\/p>\n<div id=\"attachment_13192\" style=\"width: 710px\" class=\"wp-caption aligncenter\"><a style=\"color: #000000;\" href=\"http:\/\/www.maisbn.com\/portal\/wp-content\/uploads\/2016\/12\/resultadoeleicoes.jpg\"><img loading=\"lazy\" decoding=\"async\" aria-describedby=\"caption-attachment-13192\" class=\"wp-image-13192 size-full\" src=\"http:\/\/www.maisbn.com\/portal\/wp-content\/uploads\/2016\/12\/resultadoeleicoes.jpg\" alt=\"resultadoeleicoes\" width=\"700\" height=\"450\" \/><\/a><p id=\"caption-attachment-13192\" class=\"wp-caption-text\">Votos Janistas que deram a vit\u00f3ria \u00e0 J\u00e2nio Natal.<\/p><\/div>\n<p>O quadro acima com dados das elei\u00e7\u00f5es passadas mostra uma fraqueza nos argumentos da oposi\u00e7\u00e3o e que a mesma est\u00e1 com a popular &#8220;dor de cotovelo&#8221; de perdedor. Os n\u00fameros revelam que os eleitores que deram a vit\u00f3ria ao Deputado J\u00e2nio Natal s\u00e3o &#8220;Janistas&#8221;, independente do candidato a encabe\u00e7ar a chapa. O quadro mostra que em 2008 Janival enfrentou sozinho um candidato com o poder da Prefeitura na m\u00e3o e conseguiu 4.928 votos. Em 2012 Janival enfrentou a atual prefeita Alice Britto, apoiada pelo ent\u00e3o prefeito I\u00eado Elias, e, ainda, o nome forte do empres\u00e1rio Bebeto Gama e conseguiu 4.743 votos, 185 a menos, o que n\u00e3o \u00e9 uma varia\u00e7\u00e3o muito consider\u00e1vel. Agora, em 2016, J\u00e2nio Natal enfrentou o ex-prefeito I\u00eado Elias e sua oposi\u00e7\u00e3o ferrenha conseguindo o resultado de 4.896 votos, sem contar que o Deputado ainda enfrentou a Prefeita Alice Britto que estava em busca da reelei\u00e7\u00e3o. &#8220;O que mudou foi a composi\u00e7\u00e3o dos advers\u00e1rios. Os nossos votos continuam os mesmos. A nossa vit\u00f3ria seria certa porque o nome de J\u00e2nio Natal pesa na pol\u00edtica em Belmonte, sendo ele candidato ou n\u00e3o&#8221; &#8211; Comentou um dos coordenadores da campanha de J\u00e2nio.<\/p>\n<p><span style=\"color: #000000;\">\u00a0<\/span><\/p>\n<dl id=\"attachment_13194\" class=\"wp-caption aligncenter\" style=\"width: 540px;\">\n<dt class=\"wp-caption-dt\"><a style=\"color: #000000;\" href=\"http:\/\/www.maisbn.com\/portal\/wp-content\/uploads\/2016\/12\/prefeitoiedocontas.jpg\"><img loading=\"lazy\" decoding=\"async\" class=\"wp-image-13194 size-full\" src=\"http:\/\/www.maisbn.com\/portal\/wp-content\/uploads\/2016\/12\/prefeitoiedocontas.jpg\" alt=\"prefeitoiedocontas\" width=\"530\" height=\"397\" \/><\/a><\/dt>\n<dd class=\"wp-caption-dd\"><span style=\"color: #000000;\">Janistas acusam o ex-prefeito I\u00eado Elias de estar se aproveitando da situa\u00e7\u00e3o.<\/span><\/dd>\n<\/dl>\n<p>Outra conversa dos bastidores pol\u00edticos \u00e9 que as misteriosas faixas que apareceram em Belmonte n\u00e3o vieram da popula\u00e7\u00e3o, e sim, do primeiro suplente de J\u00e2nio na coliga\u00e7\u00e3o da disputa para deputado estadual, Uziel Bueno, que, segundo informa\u00e7\u00f5es, est\u00e1 desesperado com a hip\u00f3tese de J\u00e2nio renunciar.\u00a0 Pessoas do grupo pol\u00edtico Janista comentaram que se ele conhecesse J\u00e2nio saberia que o deputado odeia chantagem e com ele nada na press\u00e3o se resolve. Os grupo ainda acusa o suplente de estar for\u00e7ando a barra para conseguir que J\u00e2nio Natal assuma a Prefeitura e deixe a vaga de Deputado pra ele. Correligion\u00e1rios do Deputado ainda acusam o ex-prefeito I\u00eado Elias de estar revoltado com a derrota, e querer ganhar no &#8220;Tapet\u00e3o&#8221;. &#8220;Qualquer decis\u00e3o a ser tomada por J\u00e2nio n\u00f3s acataremos, porque confiamos nele e, al\u00e9m de tudo, nas suas decis\u00f5es pol\u00edticas Belmonte sempre est\u00e1 em primeiro lugar. Pensando friamente na quest\u00e3o, voc\u00ea sabia que pra Belmonte \u00e9 muito melhor ter um prefeito e um deputado, filhos da terra, em vez de apenas um prefeito?!!!&#8221;. Desabafam alguns &#8220;Janistas&#8221;.<\/p>\n<p><span style=\"color: #000000;\">\u00a0<\/span><\/p>\n<dl id=\"attachment_11843\" class=\"wp-caption aligncenter\" style=\"width: 660px;\">\n<dt class=\"wp-caption-dt\"><a style=\"color: #000000;\" href=\"http:\/\/www.maisbn.com\/portal\/wp-content\/uploads\/2016\/07\/janioejanival00187.jpg\"><img loading=\"lazy\" decoding=\"async\" class=\"size-full wp-image-11843\" src=\"http:\/\/www.maisbn.com\/portal\/wp-content\/uploads\/2016\/07\/janioejanival00187.jpg\" alt=\"Votos Janistas permaneceriam os mesmos independente do candidato.\" width=\"650\" height=\"412\" \/><\/a><\/dt>\n<dd class=\"wp-caption-dd\"><span style=\"color: #000000;\">Votos Janistas permaneceriam praticamente os mesmos independente do candidato.<\/span><\/dd>\n<\/dl>\n<p><span style=\"color: #000000;\">Nossa equipe entrou em contato com o Deputado J\u00e2nio Natal para comentar os fatos e o mesmo informou que prefere se manifestar em momento oportuno. Apenas se reservou a falar que tomar\u00e1 a atitude que for melhor para Belmonte. O vice-prefeito eleito, Janival Andrade, tamb\u00e9m, n\u00e3o quis comentar sobre o assunto. Garantiu, apenas, que, se for incumbido na tarefa de gestor do munic\u00edpio saber\u00e1 honrar o cargo com muita dignidade, trabalho, seriedade e mostrar\u00e1 como se administra uma cidade para o povo.<\/span><\/p>\n","protected":false},"excerpt":{"rendered":"<p>Com a aproxima\u00e7\u00e3o da diploma\u00e7\u00e3o dos prefeitos e vereadores eleitos em Belmonte, que est\u00e1 marcada para o pr\u00f3ximo dia\u00a016\/12, \u00e0s 16\u00a0horas, no F\u00f3rum local, o clima pol\u00edtico da cidade vem esquentando. Agora, os ataques e manobras recaem sobre o Deputado Estadual e Prefeito eleito J\u00e2nio Natal e seu irm\u00e3o Janival que est\u00e3o sendo acusados pela [&hellip;]<\/p>\n","protected":false},"author":7,"featured_media":13193,"comment_status":"open","ping_status":"open","sticky":false,"template":"","format":"standard","meta":{"footnotes":""},"categories":[1,7],"tags":[108],"class_list":["post-13208","post","type-post","status-publish","format-standard","has-post-thumbnail","hentry","category-noticias","category-politica","tag-belmonte"],"_links":{"self":[{"href":"https:\/\/www.maisbn.com\/portal\/wp-json\/wp\/v2\/posts\/13208","targetHints":{"allow":["GET"]}}],"collection":[{"href":"https:\/\/www.maisbn.com\/portal\/wp-json\/wp\/v2\/posts"}],"about":[{"href":"https:\/\/www.maisbn.com\/portal\/wp-json\/wp\/v2\/types\/post"}],"author":[{"embeddable":true,"href":"https:\/\/www.maisbn.com\/portal\/wp-json\/wp\/v2\/users\/7"}],"replies":[{"embeddable":true,"href":"https:\/\/www.maisbn.com\/portal\/wp-json\/wp\/v2\/comments?post=13208"}],"version-history":[{"count":1,"href":"https:\/\/www.maisbn.com\/portal\/wp-json\/wp\/v2\/posts\/13208\/revisions"}],"predecessor-version":[{"id":13209,"href":"https:\/\/www.maisbn.com\/portal\/wp-json\/wp\/v2\/posts\/13208\/revisions\/13209"}],"wp:featuredmedia":[{"embeddable":true,"href":"https:\/\/www.maisbn.com\/portal\/wp-json\/wp\/v2\/media\/13193"}],"wp:attachment":[{"href":"https:\/\/www.maisbn.com\/portal\/wp-json\/wp\/v2\/media?parent=13208"}],"wp:term":[{"taxonomy":"category","embeddable":true,"href":"https:\/\/www.maisbn.com\/portal\/wp-json\/wp\/v2\/categories?post=13208"},{"taxonomy":"post_tag","embeddable":true,"href":"https:\/\/www.maisbn.com\/portal\/wp-json\/wp\/v2\/tags?post=13208"}],"curies":[{"name":"wp","href":"https:\/\/api.w.org\/{rel}","templated":true}]}}