{"id":13177,"date":"2016-12-08T17:54:07","date_gmt":"2016-12-08T20:54:07","guid":{"rendered":"http:\/\/www.maisbn.com\/portal\/?p=13177"},"modified":"2016-12-08T17:54:07","modified_gmt":"2016-12-08T20:54:07","slug":"porto-seguro-8o-batalhao-lanca-operacao-verao-2017","status":"publish","type":"post","link":"https:\/\/www.maisbn.com\/portal\/2016\/12\/porto-seguro-8o-batalhao-lanca-operacao-verao-2017\/","title":{"rendered":"Porto Seguro: 8\u00ba Batalh\u00e3o lan\u00e7a &#8220;Opera\u00e7\u00e3o Ver\u00e3o 2017.&#8221;"},"content":{"rendered":"<p><a href=\"http:\/\/www.maisbn.com\/portal\/wp-content\/uploads\/2016\/12\/1481228548op-verao.jpg\"><img loading=\"lazy\" decoding=\"async\" class=\"aligncenter wp-image-13178 size-full\" src=\"http:\/\/www.maisbn.com\/portal\/wp-content\/uploads\/2016\/12\/1481228548op-verao.jpg\" alt=\"1481228548op-verao\" width=\"800\" height=\"533\" \/><\/a><\/p>\n<p><span style=\"color: #000000;\">A\u00a0<strong>Opera\u00e7\u00e3o Ver\u00e3o 2017<\/strong>, iniciativa da Pol\u00edcia Militar, atrav\u00e9s do 8\u00ba Batalh\u00e3o de Porto Seguro, foi lan\u00e7ada na manh\u00e3 desta quinta-feira (8) em solenidade realizada na Cidade Hist\u00f3rica. O evento contou com a presen\u00e7a do comandante do 8\u00ba BPM, Major Anacleto Fran\u00e7a, comandante de Opera\u00e7\u00f5es da PMBA, Coronel Paulo Uzeda, oficiais, prefeita Cl\u00e1udia Oliveira e diversas autoridades.\u00a0<\/span><\/p>\n<p><span style=\"color: #000000;\">Trinta policiais vindos de Itabuna ir\u00e3o se juntar ao efetivo para ampliar o policiamento em \u00e1reas de grande fluxo de pessoas. A cidade foi contemplada por esse aporte pois \u00e9 considerada um dos principais destinos tur\u00edsticos brasileiros, chegando a ter, entre os meses de dezembro e mar\u00e7o, o dobro de sua popula\u00e7\u00e3o.<\/span><\/p>\n<p><span style=\"color: #000000;\">O policiamento se dar\u00e1 por diversas modalidades, com utiliza\u00e7\u00e3o de motocicletas, quadric\u00edclos e de um helic\u00f3ptero, al\u00e9m das viaturas e rondas a p\u00e9.\u00a0<strong>&#8220;Estamos prontos para garantir a seguran\u00e7a em toda a \u00e1rea de abrang\u00eancia e o refor\u00e7o ser\u00e1 empregado em pontos estrat\u00e9gicos, garantindo maior efici\u00eancia e controle nos diversos pontos da cidade&#8221;<\/strong>, destacou o Major Fran\u00e7a.<\/span><\/p>\n<p><span style=\"color: #000000;\">Homenageada durante o ato, a prefeita Cl\u00e1udia destacou a import\u00e2ncia da medida e parabenizou o comandante do 8\u00ba BPM pelo trabalho que vem sendo realizado em todo o munic\u00edpio.\u00a0<strong>&#8220;Queremos que todos os nossos visitantes voltem para as suas casas apenas com boas lembran\u00e7as de Porto Seguro, neste cen\u00e1rio o apoio da PM \u00e9 indispens\u00e1vel. Cumprimento o Major Fran\u00e7a pelo excelente trabalho prestado e tenho certeza de que a Opera\u00e7\u00e3o Ver\u00e3o ter\u00e1 total \u00eaxito&#8221;,<\/strong>\u00a0pontuou a gestora.<\/span><\/p>\n","protected":false},"excerpt":{"rendered":"<p>A\u00a0Opera\u00e7\u00e3o Ver\u00e3o 2017, iniciativa da Pol\u00edcia Militar, atrav\u00e9s do 8\u00ba Batalh\u00e3o de Porto Seguro, foi lan\u00e7ada na manh\u00e3 desta quinta-feira (8) em solenidade realizada na Cidade Hist\u00f3rica. O evento contou com a presen\u00e7a do comandante do 8\u00ba BPM, Major Anacleto Fran\u00e7a, comandante de Opera\u00e7\u00f5es da PMBA, Coronel Paulo Uzeda, oficiais, prefeita Cl\u00e1udia Oliveira e diversas [&hellip;]<\/p>\n","protected":false},"author":7,"featured_media":13178,"comment_status":"open","ping_status":"open","sticky":false,"template":"","format":"standard","meta":{"footnotes":""},"categories":[1,16],"tags":[108],"class_list":["post-13177","post","type-post","status-publish","format-standard","has-post-thumbnail","hentry","category-noticias","category-policial","tag-belmonte"],"_links":{"self":[{"href":"https:\/\/www.maisbn.com\/portal\/wp-json\/wp\/v2\/posts\/13177","targetHints":{"allow":["GET"]}}],"collection":[{"href":"https:\/\/www.maisbn.com\/portal\/wp-json\/wp\/v2\/posts"}],"about":[{"href":"https:\/\/www.maisbn.com\/portal\/wp-json\/wp\/v2\/types\/post"}],"author":[{"embeddable":true,"href":"https:\/\/www.maisbn.com\/portal\/wp-json\/wp\/v2\/users\/7"}],"replies":[{"embeddable":true,"href":"https:\/\/www.maisbn.com\/portal\/wp-json\/wp\/v2\/comments?post=13177"}],"version-history":[{"count":1,"href":"https:\/\/www.maisbn.com\/portal\/wp-json\/wp\/v2\/posts\/13177\/revisions"}],"predecessor-version":[{"id":13179,"href":"https:\/\/www.maisbn.com\/portal\/wp-json\/wp\/v2\/posts\/13177\/revisions\/13179"}],"wp:featuredmedia":[{"embeddable":true,"href":"https:\/\/www.maisbn.com\/portal\/wp-json\/wp\/v2\/media\/13178"}],"wp:attachment":[{"href":"https:\/\/www.maisbn.com\/portal\/wp-json\/wp\/v2\/media?parent=13177"}],"wp:term":[{"taxonomy":"category","embeddable":true,"href":"https:\/\/www.maisbn.com\/portal\/wp-json\/wp\/v2\/categories?post=13177"},{"taxonomy":"post_tag","embeddable":true,"href":"https:\/\/www.maisbn.com\/portal\/wp-json\/wp\/v2\/tags?post=13177"}],"curies":[{"name":"wp","href":"https:\/\/api.w.org\/{rel}","templated":true}]}}