{"id":13159,"date":"2016-12-05T22:59:27","date_gmt":"2016-12-06T01:59:27","guid":{"rendered":"http:\/\/www.maisbn.com\/portal\/?p=13159"},"modified":"2016-12-05T22:59:27","modified_gmt":"2016-12-06T01:59:27","slug":"comunidade-belmontense-se-despede-com-tristeza-do-empresario-balanguinho","status":"publish","type":"post","link":"https:\/\/www.maisbn.com\/portal\/2016\/12\/comunidade-belmontense-se-despede-com-tristeza-do-empresario-balanguinho\/","title":{"rendered":"Comunidade belmontense se despede com tristeza do empres\u00e1rio Balanguinho."},"content":{"rendered":"<p><span style=\"color: #000000;\">Em clima de muita tristeza a popula\u00e7\u00e3o de Belmonte deu adeus nessa segunda-feira (05\/12) ao empres\u00e1rio Ros\u00e2ngelo Silveira Andrade, mais carinhosamente conhecido na cidade por Balanguinho. O empres\u00e1rio era propriet\u00e1rio do Supermercado do Balango e faleceu em sua resid\u00eancia vitimado por um infarto fulminante no \u00faltimo domingo (04\/12). <\/span><\/p>\n<p><a href=\"http:\/\/www.maisbn.com\/portal\/wp-content\/uploads\/2016\/12\/adeusbalanguinho00022.jpg\"><img loading=\"lazy\" decoding=\"async\" class=\"aligncenter size-full wp-image-13163\" src=\"http:\/\/www.maisbn.com\/portal\/wp-content\/uploads\/2016\/12\/adeusbalanguinho00022.jpg\" alt=\"adeusbalanguinho00022\" width=\"650\" height=\"412\" \/><\/a><\/p>\n<p><span style=\"color: #000000;\">Um grande n\u00famero de pessoas compareceu ao vel\u00f3rio que foi realizado na Igreja Santa Terezinha. O Deputado Estadual e prefeito eleito J\u00e2nio Natal e Janival Andrade, seu futuro vice,\u00a0 tamb\u00e9m estiveram presentes e se mostraram muito abalados com o acontecido.<\/span><\/p>\n<p><a href=\"http:\/\/www.maisbn.com\/portal\/wp-content\/uploads\/2016\/12\/adeusbalanguinho00013.jpg\"><img loading=\"lazy\" decoding=\"async\" class=\"aligncenter size-full wp-image-13164\" src=\"http:\/\/www.maisbn.com\/portal\/wp-content\/uploads\/2016\/12\/adeusbalanguinho00013.jpg\" alt=\"adeusbalanguinho00013\" width=\"650\" height=\"412\" \/><\/a><\/p>\n<p><span style=\"color: #000000;\">O cortejo que conduziu o corpo do empres\u00e1rio at\u00e9 o Cemit\u00e9rio Municipal de Belmonte lotou as ruas de Belmonte e muita gente chorou ao dar o \u00faltimo adeus. Os funcion\u00e1rios do Supermercado do Balango estiveram presentes no vel\u00f3rio e foram ao enterro vestidos com a farda da empresa. Ao final do sepultamento os mesmos ainda formaram um grande c\u00edrculo na entrada do Cemit\u00e9rio e fizeram uma ora\u00e7\u00e3o marcada por muita emo\u00e7\u00e3o.<\/span><\/p>\n<p><a href=\"http:\/\/www.maisbn.com\/portal\/wp-content\/uploads\/2016\/12\/adeusbalanguinho00015.jpg\"><img loading=\"lazy\" decoding=\"async\" class=\"aligncenter wp-image-13166 size-full\" src=\"http:\/\/www.maisbn.com\/portal\/wp-content\/uploads\/2016\/12\/adeusbalanguinho00015.jpg\" alt=\"\" width=\"650\" height=\"412\" \/><\/a><\/p>\n<p><span style=\"color: #000000;\">Outro momento muito marcante foi a execu\u00e7\u00e3o da m\u00fasica Amigos para Sempre feita pelo Maestro Roberto Lima, onde todos os presentes se emocionaram. O jovem Ruy S\u00e9rgio ainda declamou um poema e v\u00e1rias pessoas prestaram as \u00faltimas homenagens a Balanguinho.<\/span><\/p>\n<p><a href=\"http:\/\/www.maisbn.com\/portal\/wp-content\/uploads\/2016\/12\/adeusbalanguinho00002.jpg\"><img loading=\"lazy\" decoding=\"async\" class=\"aligncenter wp-image-13165 size-full\" src=\"http:\/\/www.maisbn.com\/portal\/wp-content\/uploads\/2016\/12\/adeusbalanguinho00002.jpg\" alt=\"\" width=\"650\" height=\"412\" \/><\/a><\/p>\n<p><span style=\"color: #000000;\">A hist\u00f3ria de sucesso empresarial de Balanguinho come\u00e7ou na d\u00e9cada de 1990 quando, junto com o seu pai, o mesmo transformou uma pequena mercearia da fam\u00edlia no maior e mais bem sucedido Supermercado da cidade. Al\u00e9m de um grande empres\u00e1rio Balanguinho tamb\u00e9m era uma pessoa muito querida em Belmonte e a sua morte deixou um vazio e muita tristeza no cora\u00e7\u00e3o de todos os belmontenses que tiveram o prazer de conhecer esse grande homem.<\/span><\/p>\n","protected":false},"excerpt":{"rendered":"<p>Em clima de muita tristeza a popula\u00e7\u00e3o de Belmonte deu adeus nessa segunda-feira (05\/12) ao empres\u00e1rio Ros\u00e2ngelo Silveira Andrade, mais carinhosamente conhecido na cidade por Balanguinho. O empres\u00e1rio era propriet\u00e1rio do Supermercado do Balango e faleceu em sua resid\u00eancia vitimado por um infarto fulminante no \u00faltimo domingo (04\/12). Um grande n\u00famero de pessoas compareceu ao [&hellip;]<\/p>\n","protected":false},"author":7,"featured_media":13164,"comment_status":"open","ping_status":"open","sticky":false,"template":"","format":"standard","meta":{"footnotes":""},"categories":[45,1],"tags":[108],"class_list":["post-13159","post","type-post","status-publish","format-standard","has-post-thumbnail","hentry","category-cidades","category-noticias","tag-belmonte"],"_links":{"self":[{"href":"https:\/\/www.maisbn.com\/portal\/wp-json\/wp\/v2\/posts\/13159","targetHints":{"allow":["GET"]}}],"collection":[{"href":"https:\/\/www.maisbn.com\/portal\/wp-json\/wp\/v2\/posts"}],"about":[{"href":"https:\/\/www.maisbn.com\/portal\/wp-json\/wp\/v2\/types\/post"}],"author":[{"embeddable":true,"href":"https:\/\/www.maisbn.com\/portal\/wp-json\/wp\/v2\/users\/7"}],"replies":[{"embeddable":true,"href":"https:\/\/www.maisbn.com\/portal\/wp-json\/wp\/v2\/comments?post=13159"}],"version-history":[{"count":1,"href":"https:\/\/www.maisbn.com\/portal\/wp-json\/wp\/v2\/posts\/13159\/revisions"}],"predecessor-version":[{"id":13167,"href":"https:\/\/www.maisbn.com\/portal\/wp-json\/wp\/v2\/posts\/13159\/revisions\/13167"}],"wp:featuredmedia":[{"embeddable":true,"href":"https:\/\/www.maisbn.com\/portal\/wp-json\/wp\/v2\/media\/13164"}],"wp:attachment":[{"href":"https:\/\/www.maisbn.com\/portal\/wp-json\/wp\/v2\/media?parent=13159"}],"wp:term":[{"taxonomy":"category","embeddable":true,"href":"https:\/\/www.maisbn.com\/portal\/wp-json\/wp\/v2\/categories?post=13159"},{"taxonomy":"post_tag","embeddable":true,"href":"https:\/\/www.maisbn.com\/portal\/wp-json\/wp\/v2\/tags?post=13159"}],"curies":[{"name":"wp","href":"https:\/\/api.w.org\/{rel}","templated":true}]}}