{"id":13154,"date":"2016-12-05T20:44:45","date_gmt":"2016-12-05T23:44:45","guid":{"rendered":"http:\/\/www.maisbn.com\/portal\/?p=13154"},"modified":"2016-12-05T20:44:45","modified_gmt":"2016-12-05T23:44:45","slug":"homem-e-executado-com-varios-tiros-na-cabeca-em-belmonte","status":"publish","type":"post","link":"https:\/\/www.maisbn.com\/portal\/2016\/12\/homem-e-executado-com-varios-tiros-na-cabeca-em-belmonte\/","title":{"rendered":"Homem \u00e9 executado com v\u00e1rios tiros na cabe\u00e7a em Belmonte."},"content":{"rendered":"<p><a href=\"http:\/\/www.maisbn.com\/portal\/wp-content\/uploads\/2016\/12\/morte_pinguim00001.jpg\"><img loading=\"lazy\" decoding=\"async\" class=\"aligncenter size-full wp-image-13155\" src=\"http:\/\/www.maisbn.com\/portal\/wp-content\/uploads\/2016\/12\/morte_pinguim00001.jpg\" alt=\"morte_pinguim00001\" width=\"642\" height=\"412\" \/><\/a><\/p>\n<p><span style=\"color: #000000;\">Um homem foi morto a tiros em Belmonte no final da tarde dessa segunda-feira (05\/12). O fato aconteceu pr\u00f3ximo \u00e0 Travessa Santa Cruz, no Bairro Ponta de Areia, em uma \u00e1rea de mata ao fundo da sede da Associa\u00e7\u00e3o Lar da Menina. A v\u00edtima, que foi executada com v\u00e1rios tiros na cabe\u00e7a, foi identificada pelo nome de Rozildo Silva Bispo (18 anos), mais conhecido na cidade pelo apelido de Pinguim.<\/span><\/p>\n<p><span style=\"color: #000000;\">Algumas pessoas que estavam no local, mas n\u00e3o quiseram se identificar, revelaram que o motivo teria sido um acerto de contas entre a v\u00edtima e um elemento de nome Danilo que, segundo informa\u00e7\u00f5es, tem exercido o comando do tr\u00e1fico de drogas na cidade.<\/span><\/p>\n<p><span style=\"color: #000000;\">A Policia Militar preservou o local at\u00e9 a chegada do IML para o levantamento cadav\u00e9rico. Rondas e opera\u00e7\u00f5es dever\u00e3o acontecer no objetivo de capturar o respons\u00e1vel pelo crime.<\/span><\/p>\n","protected":false},"excerpt":{"rendered":"<p>Um homem foi morto a tiros em Belmonte no final da tarde dessa segunda-feira (05\/12). O fato aconteceu pr\u00f3ximo \u00e0 Travessa Santa Cruz, no Bairro Ponta de Areia, em uma \u00e1rea de mata ao fundo da sede da Associa\u00e7\u00e3o Lar da Menina. A v\u00edtima, que foi executada com v\u00e1rios tiros na cabe\u00e7a, foi identificada pelo [&hellip;]<\/p>\n","protected":false},"author":7,"featured_media":13155,"comment_status":"open","ping_status":"open","sticky":false,"template":"","format":"standard","meta":{"footnotes":""},"categories":[1,16],"tags":[108],"class_list":["post-13154","post","type-post","status-publish","format-standard","has-post-thumbnail","hentry","category-noticias","category-policial","tag-belmonte"],"_links":{"self":[{"href":"https:\/\/www.maisbn.com\/portal\/wp-json\/wp\/v2\/posts\/13154","targetHints":{"allow":["GET"]}}],"collection":[{"href":"https:\/\/www.maisbn.com\/portal\/wp-json\/wp\/v2\/posts"}],"about":[{"href":"https:\/\/www.maisbn.com\/portal\/wp-json\/wp\/v2\/types\/post"}],"author":[{"embeddable":true,"href":"https:\/\/www.maisbn.com\/portal\/wp-json\/wp\/v2\/users\/7"}],"replies":[{"embeddable":true,"href":"https:\/\/www.maisbn.com\/portal\/wp-json\/wp\/v2\/comments?post=13154"}],"version-history":[{"count":1,"href":"https:\/\/www.maisbn.com\/portal\/wp-json\/wp\/v2\/posts\/13154\/revisions"}],"predecessor-version":[{"id":13156,"href":"https:\/\/www.maisbn.com\/portal\/wp-json\/wp\/v2\/posts\/13154\/revisions\/13156"}],"wp:featuredmedia":[{"embeddable":true,"href":"https:\/\/www.maisbn.com\/portal\/wp-json\/wp\/v2\/media\/13155"}],"wp:attachment":[{"href":"https:\/\/www.maisbn.com\/portal\/wp-json\/wp\/v2\/media?parent=13154"}],"wp:term":[{"taxonomy":"category","embeddable":true,"href":"https:\/\/www.maisbn.com\/portal\/wp-json\/wp\/v2\/categories?post=13154"},{"taxonomy":"post_tag","embeddable":true,"href":"https:\/\/www.maisbn.com\/portal\/wp-json\/wp\/v2\/tags?post=13154"}],"curies":[{"name":"wp","href":"https:\/\/api.w.org\/{rel}","templated":true}]}}