{"id":13124,"date":"2016-12-03T23:31:51","date_gmt":"2016-12-04T02:31:51","guid":{"rendered":"http:\/\/www.maisbn.com\/portal\/?p=13124"},"modified":"2016-12-03T23:39:48","modified_gmt":"2016-12-04T02:39:48","slug":"janio-natal-e-janival-visitam-belmonte-para-definir-as-primeiras-acoes-da-nova-gestao","status":"publish","type":"post","link":"https:\/\/www.maisbn.com\/portal\/2016\/12\/janio-natal-e-janival-visitam-belmonte-para-definir-as-primeiras-acoes-da-nova-gestao\/","title":{"rendered":"J\u00e2nio Natal e Janival visitam Belmonte para definir as primeiras a\u00e7\u00f5es da nova gest\u00e3o."},"content":{"rendered":"<p><a href=\"http:\/\/www.maisbn.com\/portal\/wp-content\/uploads\/2016\/12\/visitaaosprediosmunicipais_00022.jpg\"><img loading=\"lazy\" decoding=\"async\" class=\"aligncenter size-full wp-image-13134\" src=\"http:\/\/www.maisbn.com\/portal\/wp-content\/uploads\/2016\/12\/visitaaosprediosmunicipais_00022.jpg\" alt=\"visitaaosprediosmunicipais_00022\" width=\"650\" height=\"412\" \/><\/a><\/p>\n<p><span style=\"color: #000000;\">O Deputado Estadual e futuro prefeito de Belmonte, J\u00e2nio Natal, fez uma visita ao munic\u00edpio na tarde desse s\u00e1bado para vistoriar alguns pr\u00e9dios p\u00fablicos e discutir com a equipe de transi\u00e7\u00e3o quais as primeiras medidas a serem tomadas pelo seu governo que come\u00e7ar\u00e1 a partir de Janeiro de 2017.<\/span><\/p>\n<p><a href=\"http:\/\/www.maisbn.com\/portal\/wp-content\/uploads\/2016\/12\/visitaaosprediosmunicipais_00018.jpg\"><img loading=\"lazy\" decoding=\"async\" class=\"aligncenter size-full wp-image-13135\" src=\"http:\/\/www.maisbn.com\/portal\/wp-content\/uploads\/2016\/12\/visitaaosprediosmunicipais_00018.jpg\" alt=\"visitaaosprediosmunicipais_00018\" width=\"650\" height=\"412\" \/><\/a><\/p>\n<p><span style=\"color: #000000;\">O primeiro local a ser visitado por J\u00e2nio Natal, Janival e sua comitiva foi as depend\u00eancias do Hospital Dr. Jos\u00e9 da Costa Pinto Dantas. J\u00e2nio fez quest\u00e3o de entrar em todas as salas e leitos e tamb\u00e9m visitou o canteiro das obras de amplia\u00e7\u00e3o das depend\u00eancias do Centro de Urg\u00eancia e Emerg\u00eancia da unidade. Nossa equipe ainda conversou com T\u00e1rcio Lapa que nos confidenciou que foi o nome escolhido para gerenciar a Secretaria Municipal de Sa\u00fade. &#8220;Fico muito orgulhoso de estar recebendo essa importante miss\u00e3o que \u00e9 cuidar da sa\u00fade do povo belmontense.&#8221; &#8211; Comentou T\u00e1rcio.<\/span><\/p>\n<p><a href=\"http:\/\/www.maisbn.com\/portal\/wp-content\/uploads\/2016\/12\/visitaaosprediosmunicipais_00033.jpg\"><img loading=\"lazy\" decoding=\"async\" class=\"aligncenter size-full wp-image-13136\" src=\"http:\/\/www.maisbn.com\/portal\/wp-content\/uploads\/2016\/12\/visitaaosprediosmunicipais_00033.jpg\" alt=\"visitaaosprediosmunicipais_00033\" width=\"650\" height=\"412\" \/><\/a><\/p>\n<p><span style=\"color: #000000;\">Logo ap\u00f3s J\u00e2nio e Janival foram visitar\u00a0 o Est\u00e1dio Municipal Orland\u00e3o 70 onde o futuro gestor lamentou a atual situa\u00e7\u00e3o do centro esportivo e prometeu dar prosseguimento \u00e0s obras de recupera\u00e7\u00e3o. &#8220;N\u00f3s iremos devolver esse grande templo do esporte aos belmontenses. Os nossos esportistas sentem saudades das tardes de domingo onde pod\u00edamos ver a nossa sele\u00e7\u00e3o jogar.&#8221; &#8211; Comentou J\u00e2nio. <\/span><span style=\"color: #000000;\">A visita se estendeu ainda ao Campo da Mo\u00e7a Bonita onde foram conferidas as obras de adequa\u00e7\u00e3o e melhoramentos do local. Ainda no Bairro da Biela J\u00e2nio foi abordado por moradores que pediram ao mesmo a finaliza\u00e7\u00e3o do cais aonde ficam estacionadas as embarca\u00e7\u00f5es dos pescadores.<\/span><\/p>\n<p><a href=\"http:\/\/www.maisbn.com\/portal\/wp-content\/uploads\/2016\/12\/visitaaosprediosmunicipais_00052.jpg\"><img loading=\"lazy\" decoding=\"async\" class=\"aligncenter size-full wp-image-13137\" src=\"http:\/\/www.maisbn.com\/portal\/wp-content\/uploads\/2016\/12\/visitaaosprediosmunicipais_00052.jpg\" alt=\"visitaaosprediosmunicipais_00052\" width=\"650\" height=\"412\" \/><\/a><\/p>\n<p><span style=\"color: #000000;\">O \u00faltimo lugar visitado foi a Av. Dom Pedro II, principal ponto do circuito do carnaval belmontense. Na pra\u00e7a S\u00e3o Sebasti\u00e3o foram debatidas v\u00e1rias ideias de configura\u00e7\u00f5es dos festejos que acontecem em janeiro. Tamb\u00e9m aventou-se a ideia de transformar a pra\u00e7a em um palco para o Carnaval Cultural onde as pessoas acompanhariam as apresenta\u00e7\u00f5es dos blocos e mais tarde se deslocariam para a Pra\u00e7a Dona Nirinha onde ir\u00e1 estar armada toda a estrutura que dar\u00e1 suporte \u00e0s atra\u00e7\u00f5es principais do Carnaval 2017. &#8220;Ainda estamos estudando as configura\u00e7\u00f5es do carnaval e da Festa S\u00e3o Sebasti\u00e3o, mas o nosso objetivo \u00e9 proporcionar festas de alto padr\u00e3o no n\u00edvel de excel\u00eancia que a nossa querida Belmonte merece.&#8221; &#8211; Finalizou J\u00e2nio.<\/span><\/p>\n<p><a href=\"http:\/\/www.maisbn.com\/portal\/wp-content\/uploads\/2016\/12\/visitaaosprediosmunicipais_00062.jpg\"><img loading=\"lazy\" decoding=\"async\" class=\"aligncenter size-full wp-image-13138\" src=\"http:\/\/www.maisbn.com\/portal\/wp-content\/uploads\/2016\/12\/visitaaosprediosmunicipais_00062.jpg\" alt=\"visitaaosprediosmunicipais_00062\" width=\"650\" height=\"412\" \/><\/a><\/p>\n<p><span style=\"color: #000000;\">J\u00e2nio comentou com nossa reportagem que h\u00e1 muito trabalho a ser feito e que a prioridade \u00e9 a continuidade dos servi\u00e7os p\u00fablicos de forma efetiva e com qualidade. O mesmo ainda revelou que outra preocupa\u00e7\u00e3o da sua administra\u00e7\u00e3o s\u00e3o as verbas do munic\u00edpio. &#8220;N\u00f3s iremos trabalhar com os p\u00e9s no ch\u00e3o e dentro das condi\u00e7\u00f5es econ\u00f4micas da cidade. Vamos honrar os pagamentos dos funcion\u00e1rios e buscaremos incentivar os investimentos que est\u00e3o chegando ao munic\u00edpio. O nosso governo ser\u00e1 pautado no bem estar e na dignidade dos belmontenses e desses preceitos eu e Janival n\u00e3o abriremos m\u00e3o.&#8221; &#8211; Comentou J\u00e2nio Natal.<\/span><\/p>\n<p><a href=\"http:\/\/www.maisbn.com\/portal\/wp-content\/uploads\/2016\/12\/visitaaosprediosmunicipais_00049.jpg\"><img loading=\"lazy\" decoding=\"async\" class=\"aligncenter size-full wp-image-13139\" src=\"http:\/\/www.maisbn.com\/portal\/wp-content\/uploads\/2016\/12\/visitaaosprediosmunicipais_00049.jpg\" alt=\"visitaaosprediosmunicipais_00049\" width=\"650\" height=\"412\" \/><\/a><\/p>\n<p><span style=\"color: #000000;\">Ainda em conversa com nossa equipe o Vice-prefeito Janival Andrade comentou que os nomes que compor\u00e3o o secretariado municipal j\u00e1 est\u00e3o escolhidos e que nos pr\u00f3ximos dias ser\u00e1 divulgar\u00e1 a nova equipe de trabalho que assumir\u00e1 a gest\u00e3o da cidade em 2017.<\/span><\/p>\n<p>&nbsp;<\/p>\n","protected":false},"excerpt":{"rendered":"<p>O Deputado Estadual e futuro prefeito de Belmonte, J\u00e2nio Natal, fez uma visita ao munic\u00edpio na tarde desse s\u00e1bado para vistoriar alguns pr\u00e9dios p\u00fablicos e discutir com a equipe de transi\u00e7\u00e3o quais as primeiras medidas a serem tomadas pelo seu governo que come\u00e7ar\u00e1 a partir de Janeiro de 2017. O primeiro local a ser visitado [&hellip;]<\/p>\n","protected":false},"author":7,"featured_media":13136,"comment_status":"open","ping_status":"open","sticky":false,"template":"","format":"standard","meta":{"footnotes":""},"categories":[1,7],"tags":[108],"class_list":["post-13124","post","type-post","status-publish","format-standard","has-post-thumbnail","hentry","category-noticias","category-politica","tag-belmonte"],"_links":{"self":[{"href":"https:\/\/www.maisbn.com\/portal\/wp-json\/wp\/v2\/posts\/13124","targetHints":{"allow":["GET"]}}],"collection":[{"href":"https:\/\/www.maisbn.com\/portal\/wp-json\/wp\/v2\/posts"}],"about":[{"href":"https:\/\/www.maisbn.com\/portal\/wp-json\/wp\/v2\/types\/post"}],"author":[{"embeddable":true,"href":"https:\/\/www.maisbn.com\/portal\/wp-json\/wp\/v2\/users\/7"}],"replies":[{"embeddable":true,"href":"https:\/\/www.maisbn.com\/portal\/wp-json\/wp\/v2\/comments?post=13124"}],"version-history":[{"count":5,"href":"https:\/\/www.maisbn.com\/portal\/wp-json\/wp\/v2\/posts\/13124\/revisions"}],"predecessor-version":[{"id":13142,"href":"https:\/\/www.maisbn.com\/portal\/wp-json\/wp\/v2\/posts\/13124\/revisions\/13142"}],"wp:featuredmedia":[{"embeddable":true,"href":"https:\/\/www.maisbn.com\/portal\/wp-json\/wp\/v2\/media\/13136"}],"wp:attachment":[{"href":"https:\/\/www.maisbn.com\/portal\/wp-json\/wp\/v2\/media?parent=13124"}],"wp:term":[{"taxonomy":"category","embeddable":true,"href":"https:\/\/www.maisbn.com\/portal\/wp-json\/wp\/v2\/categories?post=13124"},{"taxonomy":"post_tag","embeddable":true,"href":"https:\/\/www.maisbn.com\/portal\/wp-json\/wp\/v2\/tags?post=13124"}],"curies":[{"name":"wp","href":"https:\/\/api.w.org\/{rel}","templated":true}]}}