{"id":13117,"date":"2016-12-03T16:25:09","date_gmt":"2016-12-03T19:25:09","guid":{"rendered":"http:\/\/www.maisbn.com\/portal\/?p=13117"},"modified":"2016-12-03T17:14:42","modified_gmt":"2016-12-03T20:14:42","slug":"comissao-de-festas-realiza-reuniao-com-grupos-de-boi-duro-em-belmonte","status":"publish","type":"post","link":"https:\/\/www.maisbn.com\/portal\/2016\/12\/comissao-de-festas-realiza-reuniao-com-grupos-de-boi-duro-em-belmonte\/","title":{"rendered":"Comiss\u00e3o de Festas realiza reuni\u00e3o com Grupos de Boi Duro em Belmonte."},"content":{"rendered":"<p><span style=\"color: #000000;\">A Comiss\u00e3o de Organiza\u00e7\u00e3o de Festas Populares nomeada pela futura gest\u00e3o do Prefeito Eleito J\u00e2nio Natal realizou mais uma reuni\u00e3o nessa sexta-feira (02\/12). Dessa vez o objetivo foi tratar da organiza\u00e7\u00e3o dos festejos em homenagem \u00e0 S\u00e3o Sebasti\u00e3o, bem como, criar alternativas de seguran\u00e7a para a situa\u00e7\u00e3o dos grupos de Boi Duro da cidade.<\/span><\/p>\n<p><span style=\"color: #000000;\"><a style=\"color: #000000;\" href=\"http:\/\/www.maisbn.com\/portal\/wp-content\/uploads\/2016\/12\/equipe_transicaoboiduro00001.jpg\"><img loading=\"lazy\" decoding=\"async\" class=\"aligncenter size-full wp-image-13119\" src=\"http:\/\/www.maisbn.com\/portal\/wp-content\/uploads\/2016\/12\/equipe_transicaoboiduro00001.jpg\" alt=\"equipe_transicaoboiduro00001\" width=\"642\" height=\"412\" \/><\/a><\/span><\/p>\n<p><span style=\"color: #000000;\">Tenente Lago, comandante do policiamento em Belmonte e um dos convidados para reuni\u00e3o, comentou que a Policia Militar teve problemas no ano passado com os homens mascarados que participam do Boi Duro e s\u00e3o denominados de &#8220;Vaqueiros&#8221;. Segundo ele,\u00a0 alguns meliantes aproveitaram o anonimato das m\u00e1scaras para cometer diversos delitos durante a festa. Os respons\u00e1veis pelo Boi Duro informaram que as m\u00e1scaras s\u00e3o uma tradi\u00e7\u00e3o e que a elimina\u00e7\u00e3o das mesmas acabariam descaracterizando um velho costume da cidade. Diante do exposto ficou decidido ent\u00e3o que os respons\u00e1veis pelo Boi Duro dever\u00e3o fazer um cadastro pr\u00e9vio das pessoas que ir\u00e3o participar e que os &#8220;Vaqueiros&#8221; poder\u00e3o andar mascarados, mas ser\u00e3o identificados atrav\u00e9s de um crach\u00e1 que os mesmos ir\u00e3o ser obrigados a portar durante a apresenta\u00e7\u00e3o. Os respons\u00e1veis pelos grupos de Boi Duro efetuar\u00e3o o cadastramento na Pol\u00edcia Militar ou na Secretaria Municipal de Cultura.<\/span><\/p>\n<p><span style=\"color: #000000;\">Ainda ficou decidido que as apresenta\u00e7\u00f5es dever\u00e3o ser realizadas at\u00e9 as 23:00Hrs e que os grupos de Boi Duro adotar\u00e3o cores para diferenciar e identificar os mesmos. Ainda ficou definido na reuni\u00e3o que os grupos dever\u00e3o se cadastrar no per\u00edodo de 02\/01\/2017 \u00e1 06\/01\/2017 e que os respons\u00e1veis. no ato do cadastramento, dever\u00e3o informar o nome do boi e cores que identificam, bem como, o nome e documento de identifica\u00e7\u00e3o dos participantes acompanhados da data de funda\u00e7\u00e3o de cada grupo.<br \/>\n<\/span><\/p>\n<p><span style=\"color: #000000;\"><a style=\"color: #000000;\" href=\"http:\/\/www.maisbn.com\/portal\/wp-content\/uploads\/2016\/12\/equipe_transicaoboiduro00002.jpg\"><img loading=\"lazy\" decoding=\"async\" class=\"aligncenter size-full wp-image-13120\" src=\"http:\/\/www.maisbn.com\/portal\/wp-content\/uploads\/2016\/12\/equipe_transicaoboiduro00002.jpg\" alt=\"equipe_transicaoboiduro00002\" width=\"642\" height=\"412\" \/><\/a><\/span><\/p>\n<p><span style=\"color: #000000;\">Outro ponto tamb\u00e9m tratado foi a quest\u00e3o da Puxada do Mastro de S\u00e3o Sebasti\u00e3o onde as apresenta\u00e7\u00f5es em frente \u00e0 Sede dos Carregadores acontecer\u00e3o por ordem de chegada. Na Pra\u00e7a S\u00e3o Sebasti\u00e3o, logo ap\u00f3s o levante do mastro, as apresenta\u00e7\u00f5es acontecer\u00e3o tamb\u00e9m por ordem de chegada e os grupos de Boi Duro mais antigos ter\u00e3o prioridade em rela\u00e7\u00e3o aos demais.<\/span><\/p>\n<p><span style=\"color: #000000;\">Herculano Assis, respons\u00e1vel pela Comiss\u00e3o de Organiza\u00e7\u00e3o de Festas Populares, comentou que achou importante essa primeira intera\u00e7\u00e3o pelo fato de que as medidas a serem tomadas visam preservar a cultura e garantir a seguran\u00e7a dos moradores e turistas. &#8220;Essas medidas ainda ser\u00e3o amadurecidas, mas \u00e9 importante a participa\u00e7\u00e3o de todos para que nossa cultura n\u00e3o se perca e possamos realizar uma festa linda e com muita seguran\u00e7a para os participantes e o p\u00fablico presente.&#8221; &#8211; Comentou Herculano.<\/span><\/p>\n<p><em><span style=\"color: #ff0000;\">Fotos: Portal do Guaiamum<\/span> <\/em><\/p>\n<p>&nbsp;<\/p>\n","protected":false},"excerpt":{"rendered":"<p>A Comiss\u00e3o de Organiza\u00e7\u00e3o de Festas Populares nomeada pela futura gest\u00e3o do Prefeito Eleito J\u00e2nio Natal realizou mais uma reuni\u00e3o nessa sexta-feira (02\/12). Dessa vez o objetivo foi tratar da organiza\u00e7\u00e3o dos festejos em homenagem \u00e0 S\u00e3o Sebasti\u00e3o, bem como, criar alternativas de seguran\u00e7a para a situa\u00e7\u00e3o dos grupos de Boi Duro da cidade. Tenente [&hellip;]<\/p>\n","protected":false},"author":7,"featured_media":13119,"comment_status":"open","ping_status":"open","sticky":false,"template":"","format":"standard","meta":{"footnotes":""},"categories":[45,1],"tags":[108],"class_list":["post-13117","post","type-post","status-publish","format-standard","has-post-thumbnail","hentry","category-cidades","category-noticias","tag-belmonte"],"_links":{"self":[{"href":"https:\/\/www.maisbn.com\/portal\/wp-json\/wp\/v2\/posts\/13117","targetHints":{"allow":["GET"]}}],"collection":[{"href":"https:\/\/www.maisbn.com\/portal\/wp-json\/wp\/v2\/posts"}],"about":[{"href":"https:\/\/www.maisbn.com\/portal\/wp-json\/wp\/v2\/types\/post"}],"author":[{"embeddable":true,"href":"https:\/\/www.maisbn.com\/portal\/wp-json\/wp\/v2\/users\/7"}],"replies":[{"embeddable":true,"href":"https:\/\/www.maisbn.com\/portal\/wp-json\/wp\/v2\/comments?post=13117"}],"version-history":[{"count":5,"href":"https:\/\/www.maisbn.com\/portal\/wp-json\/wp\/v2\/posts\/13117\/revisions"}],"predecessor-version":[{"id":13126,"href":"https:\/\/www.maisbn.com\/portal\/wp-json\/wp\/v2\/posts\/13117\/revisions\/13126"}],"wp:featuredmedia":[{"embeddable":true,"href":"https:\/\/www.maisbn.com\/portal\/wp-json\/wp\/v2\/media\/13119"}],"wp:attachment":[{"href":"https:\/\/www.maisbn.com\/portal\/wp-json\/wp\/v2\/media?parent=13117"}],"wp:term":[{"taxonomy":"category","embeddable":true,"href":"https:\/\/www.maisbn.com\/portal\/wp-json\/wp\/v2\/categories?post=13117"},{"taxonomy":"post_tag","embeddable":true,"href":"https:\/\/www.maisbn.com\/portal\/wp-json\/wp\/v2\/tags?post=13117"}],"curies":[{"name":"wp","href":"https:\/\/api.w.org\/{rel}","templated":true}]}}