{"id":13114,"date":"2016-12-02T15:54:18","date_gmt":"2016-12-02T18:54:18","guid":{"rendered":"http:\/\/www.maisbn.com\/portal\/?p=13114"},"modified":"2016-12-02T15:54:18","modified_gmt":"2016-12-02T18:54:18","slug":"acontece-primeira-reuniao-da-comissao-de-transicao-em-santa-cruz-cabralia","status":"publish","type":"post","link":"https:\/\/www.maisbn.com\/portal\/2016\/12\/acontece-primeira-reuniao-da-comissao-de-transicao-em-santa-cruz-cabralia\/","title":{"rendered":"Acontece primeira reuni\u00e3o da Comiss\u00e3o de Transi\u00e7\u00e3o em Santa Cruz Cabr\u00e1lia."},"content":{"rendered":"<p><a href=\"http:\/\/www.maisbn.com\/portal\/wp-content\/uploads\/2016\/12\/equipe_transicao00001.jpg\"><img loading=\"lazy\" decoding=\"async\" class=\"aligncenter size-full wp-image-13115\" src=\"http:\/\/www.maisbn.com\/portal\/wp-content\/uploads\/2016\/12\/equipe_transicao00001.jpg\" alt=\"equipe_transicao00001\" width=\"642\" height=\"412\" \/><\/a><\/p>\n<p><span style=\"color: #000000;\">Nesta quinta-feira (01), foi realizada na sala de reuni\u00f5es da Prefeitura Municipal de Cabr\u00e1lia, a 1\u00aa reuni\u00e3o de transmiss\u00e3o de mandato da gest\u00e3o municipal. A pr\u00f3xima j\u00e1 est\u00e1 marcada para o dia 12, segunda-feira, no mesmo local, a partir das 11h00. Essas a\u00e7\u00f5es s\u00e3o para atender as exig\u00eancias do Tribunal de Contas dos Munic\u00edpios do Estado da Bahia, de acordo com a resolu\u00e7\u00e3o n\u00ba 1311\/2012.<\/span><\/p>\n<p><span style=\"color: #000000;\">A reuni\u00e3o iniciou por volta das 11h00 e foi formada por duas comiss\u00f5es: A equipe da gest\u00e3o do prefeito Jorge Pontes, encerrando seu segundo mandato,\u00a0foi composta por Filipe Pontes, Eliane Gonzaga, Ang\u00e9lica L\u00edrio, Aline Peixoto, Sadir Lisboa e Carlos Machado Costa. A comiss\u00e3o formada pelo prefeito eleito, Agnelo J\u00fanior, conta com Kerrys Ruas, W\u00e2nia Zuim, Marcos Ant\u00f4nio Rabelo e M\u00e1rcia Quaresma.<\/span><\/p>\n<p><span style=\"color: #000000;\">Das obriga\u00e7\u00f5es dos gestores municipais em t\u00e9rmino de mandato est\u00e1 o repasse de informa\u00e7\u00f5es e documentos aos representantes da nova administra\u00e7\u00e3o, de modo a n\u00e3o inibir, prejudicar ou retardar as a\u00e7\u00f5es e servi\u00e7os, evitando a descontinuidade administrativa no munic\u00edpio.<\/span><\/p>\n<p><span style=\"color: #000000;\">Dentre as documenta\u00e7\u00f5es a serem passadas para a comiss\u00e3o do prefeito eleito, est\u00e3o: Rela\u00e7\u00e3o das contas banc\u00e1rias e de valores pertencentes a terceiros, demonstrativo dos restos a pagar, rela\u00e7\u00e3o dos precat\u00f3rios pendentes de pagamento, levantamento da situa\u00e7\u00e3o dos servidores, rela\u00e7\u00e3o das obras e dos servi\u00e7os de engenharia \u00a0executados e em execu\u00e7\u00e3o etc.<\/span><\/p>\n<p><span style=\"color: #000000;\">Alguns prazos para entrega de documenta\u00e7\u00e3o encerram no dia 31 de dezembro.<\/span><\/p>\n<p><span style=\"color: #ff0000;\"><em>Informa\u00e7\u00f5es e Fotos: Cabralia Noticia<\/em><\/span><\/p>\n","protected":false},"excerpt":{"rendered":"<p>Nesta quinta-feira (01), foi realizada na sala de reuni\u00f5es da Prefeitura Municipal de Cabr\u00e1lia, a 1\u00aa reuni\u00e3o de transmiss\u00e3o de mandato da gest\u00e3o municipal. A pr\u00f3xima j\u00e1 est\u00e1 marcada para o dia 12, segunda-feira, no mesmo local, a partir das 11h00. Essas a\u00e7\u00f5es s\u00e3o para atender as exig\u00eancias do Tribunal de Contas dos Munic\u00edpios do [&hellip;]<\/p>\n","protected":false},"author":7,"featured_media":13115,"comment_status":"open","ping_status":"open","sticky":false,"template":"","format":"standard","meta":{"footnotes":""},"categories":[1,7],"tags":[108],"class_list":["post-13114","post","type-post","status-publish","format-standard","has-post-thumbnail","hentry","category-noticias","category-politica","tag-belmonte"],"_links":{"self":[{"href":"https:\/\/www.maisbn.com\/portal\/wp-json\/wp\/v2\/posts\/13114","targetHints":{"allow":["GET"]}}],"collection":[{"href":"https:\/\/www.maisbn.com\/portal\/wp-json\/wp\/v2\/posts"}],"about":[{"href":"https:\/\/www.maisbn.com\/portal\/wp-json\/wp\/v2\/types\/post"}],"author":[{"embeddable":true,"href":"https:\/\/www.maisbn.com\/portal\/wp-json\/wp\/v2\/users\/7"}],"replies":[{"embeddable":true,"href":"https:\/\/www.maisbn.com\/portal\/wp-json\/wp\/v2\/comments?post=13114"}],"version-history":[{"count":1,"href":"https:\/\/www.maisbn.com\/portal\/wp-json\/wp\/v2\/posts\/13114\/revisions"}],"predecessor-version":[{"id":13116,"href":"https:\/\/www.maisbn.com\/portal\/wp-json\/wp\/v2\/posts\/13114\/revisions\/13116"}],"wp:featuredmedia":[{"embeddable":true,"href":"https:\/\/www.maisbn.com\/portal\/wp-json\/wp\/v2\/media\/13115"}],"wp:attachment":[{"href":"https:\/\/www.maisbn.com\/portal\/wp-json\/wp\/v2\/media?parent=13114"}],"wp:term":[{"taxonomy":"category","embeddable":true,"href":"https:\/\/www.maisbn.com\/portal\/wp-json\/wp\/v2\/categories?post=13114"},{"taxonomy":"post_tag","embeddable":true,"href":"https:\/\/www.maisbn.com\/portal\/wp-json\/wp\/v2\/tags?post=13114"}],"curies":[{"name":"wp","href":"https:\/\/api.w.org\/{rel}","templated":true}]}}