{"id":13111,"date":"2016-12-02T15:40:57","date_gmt":"2016-12-02T18:40:57","guid":{"rendered":"http:\/\/www.maisbn.com\/portal\/?p=13111"},"modified":"2016-12-02T15:40:57","modified_gmt":"2016-12-02T18:40:57","slug":"janio-e-janival-se-pronunciam-sobre-quem-assumira-a-prefeitura-de-belmonte-em-2017","status":"publish","type":"post","link":"https:\/\/www.maisbn.com\/portal\/2016\/12\/janio-e-janival-se-pronunciam-sobre-quem-assumira-a-prefeitura-de-belmonte-em-2017\/","title":{"rendered":"J\u00e2nio e Janival se pronunciam sobre quem assumir\u00e1 a Prefeitura de Belmonte em 2017."},"content":{"rendered":"<p><a href=\"http:\/\/www.maisbn.com\/portal\/wp-content\/uploads\/2016\/07\/janioejanival00084.jpg\"><img loading=\"lazy\" decoding=\"async\" class=\"aligncenter size-full wp-image-11840\" src=\"http:\/\/www.maisbn.com\/portal\/wp-content\/uploads\/2016\/07\/janioejanival00084.jpg\" alt=\"janioejanival00084\" width=\"650\" height=\"412\" \/><\/a><\/p>\n<p><span style=\"color: #000000;\">Um grande rebuli\u00e7o pol\u00edtico est\u00e1 acontecendo em Belmonte e o assunto da vez \u00e9 a situa\u00e7\u00e3o de quem efetivamente exercer\u00e1 os comandos da Prefeitura Municipal de Belmonte. H\u00e1 alguns dias foi aventada uma possibilidade do futuro prefeito J\u00e2nio Natal n\u00e3o assumir os comandos da cidade, continuar como deputado e o seu irm\u00e3o, o agricultor Janival Andrade, ficar \u00e0 frente do executivo belmontense.<\/span><\/p>\n<p><span style=\"color: #000000;\">A oposi\u00e7\u00e3o pol\u00edtica ao futuro prefeito J\u00e2nio Natal n\u00e3o perdeu tempo e saiu dizendo que a situa\u00e7\u00e3o \u00e9 um caso de estelionato eleitoral, j\u00e1 que, os eleitores votaram em J\u00e2nio e n\u00e3o em Janival para prefeito. Outra situa\u00e7\u00e3o que acirrou ainda mais o campo das futricas pol\u00edticas foi uma mat\u00e9ria publicada por \u00f3rg\u00e3os de imprensa em que aparece o futuro vice-prefeito Janival Andrade supostamente falando que a diploma\u00e7\u00e3o iria acontecer como preconiza o Tribunal Superior Eleitoral, mas que J\u00e2nio Natal renunciaria dentro do per\u00edodo de 10 dias e ele assumiria a vaga de prefeito deixada por seu irm\u00e3o.<\/span><\/p>\n<p><span style=\"color: #000000;\">Diante dos fatos, nossa equipe entrou em contato com o futuro prefeito J\u00e2nio Natal e o mesmo revelou que essas conversas n\u00e3o passam de meras intrigas e que seu posicionamento ser\u00e1 revelado em momento oportuno. Contactado, Janival Andrade comentou que houve um mal entendido por parte dos jornalistas sobre suas declara\u00e7\u00f5es e que n\u00e3o h\u00e1 nada definido sobre o caso. Segundo ele, esses burburinhos est\u00e3o sendo causados porque o mesmo est\u00e1 sendo um vice-prefeito ativo, mas que isso n\u00e3o tem nada haver com a situa\u00e7\u00e3o de que ele assumir\u00e1 a prefeitura. &#8220;Eu estou acompanhando o processo de transi\u00e7\u00e3o e fazendo estudos para que possamos definir quais as a\u00e7\u00f5es imediatas a tomar. Essas a\u00e7\u00f5es ser\u00e3o passadas para o futuro prefeito J\u00e2nio Natal e cabe a ele as decis\u00f5es a serem implementadas. S\u00f3 quero que os belmontenses entendam que o objetivo principal \u00e9 realizar uma boa administra\u00e7\u00e3o e que demais resolu\u00e7\u00f5es ser\u00e3o tomadas de acordo com as necessidades do nosso amado munic\u00edpio.&#8221; &#8211; Comentou Janival.<\/span><\/p>\n<p>&nbsp;<\/p>\n","protected":false},"excerpt":{"rendered":"<p>Um grande rebuli\u00e7o pol\u00edtico est\u00e1 acontecendo em Belmonte e o assunto da vez \u00e9 a situa\u00e7\u00e3o de quem efetivamente exercer\u00e1 os comandos da Prefeitura Municipal de Belmonte. H\u00e1 alguns dias foi aventada uma possibilidade do futuro prefeito J\u00e2nio Natal n\u00e3o assumir os comandos da cidade, continuar como deputado e o seu irm\u00e3o, o agricultor Janival [&hellip;]<\/p>\n","protected":false},"author":7,"featured_media":11839,"comment_status":"open","ping_status":"open","sticky":false,"template":"","format":"standard","meta":{"footnotes":""},"categories":[1,7],"tags":[108],"class_list":["post-13111","post","type-post","status-publish","format-standard","has-post-thumbnail","hentry","category-noticias","category-politica","tag-belmonte"],"_links":{"self":[{"href":"https:\/\/www.maisbn.com\/portal\/wp-json\/wp\/v2\/posts\/13111","targetHints":{"allow":["GET"]}}],"collection":[{"href":"https:\/\/www.maisbn.com\/portal\/wp-json\/wp\/v2\/posts"}],"about":[{"href":"https:\/\/www.maisbn.com\/portal\/wp-json\/wp\/v2\/types\/post"}],"author":[{"embeddable":true,"href":"https:\/\/www.maisbn.com\/portal\/wp-json\/wp\/v2\/users\/7"}],"replies":[{"embeddable":true,"href":"https:\/\/www.maisbn.com\/portal\/wp-json\/wp\/v2\/comments?post=13111"}],"version-history":[{"count":2,"href":"https:\/\/www.maisbn.com\/portal\/wp-json\/wp\/v2\/posts\/13111\/revisions"}],"predecessor-version":[{"id":13113,"href":"https:\/\/www.maisbn.com\/portal\/wp-json\/wp\/v2\/posts\/13111\/revisions\/13113"}],"wp:featuredmedia":[{"embeddable":true,"href":"https:\/\/www.maisbn.com\/portal\/wp-json\/wp\/v2\/media\/11839"}],"wp:attachment":[{"href":"https:\/\/www.maisbn.com\/portal\/wp-json\/wp\/v2\/media?parent=13111"}],"wp:term":[{"taxonomy":"category","embeddable":true,"href":"https:\/\/www.maisbn.com\/portal\/wp-json\/wp\/v2\/categories?post=13111"},{"taxonomy":"post_tag","embeddable":true,"href":"https:\/\/www.maisbn.com\/portal\/wp-json\/wp\/v2\/tags?post=13111"}],"curies":[{"name":"wp","href":"https:\/\/api.w.org\/{rel}","templated":true}]}}