{"id":13103,"date":"2016-11-30T15:52:38","date_gmt":"2016-11-30T18:52:38","guid":{"rendered":"http:\/\/www.maisbn.com\/portal\/?p=13103"},"modified":"2016-11-30T15:52:38","modified_gmt":"2016-11-30T18:52:38","slug":"governo-vai-empregar-446-jovens-para-reforco-da-seguranca-publica-estadual","status":"publish","type":"post","link":"https:\/\/www.maisbn.com\/portal\/2016\/11\/governo-vai-empregar-446-jovens-para-reforco-da-seguranca-publica-estadual\/","title":{"rendered":"Governo vai empregar 446 jovens para refor\u00e7o da Seguran\u00e7a P\u00fablica estadual."},"content":{"rendered":"<p><a href=\"http:\/\/www.maisbn.com\/portal\/wp-content\/uploads\/2014\/03\/batalhao.jpg\"><img loading=\"lazy\" decoding=\"async\" class=\"aligncenter size-full wp-image-4742\" src=\"http:\/\/www.maisbn.com\/portal\/wp-content\/uploads\/2014\/03\/batalhao.jpg\" alt=\"batalhao\" width=\"448\" height=\"252\" \/><\/a><\/p>\n<p><span style=\"color: #000000;\">O governo estadual vai lan\u00e7ar nesta quarta-feira (30) o programa Primeiro Emprego, que planeja dar a primeira oportunidade de trabalho a nove mil jovens formados na Rede Estadual de Educa\u00e7\u00e3o Profissional. <\/span><\/p>\n<p><span style=\"color: #000000;\">Na seguran\u00e7a p\u00fablica estadual, a gest\u00e3o garantiu emprego para 446 jovens que v\u00e3o desempenhar atividades em \u00e1reas como administra\u00e7\u00e3o, contabilidade, inform\u00e1tica e recursos humanos. &#8220;Eles v\u00e3o atuar em todo o estado, nos centros integrados de comunica\u00e7\u00e3o, nos chamados de urg\u00eancia por telefone e v\u00e3o ajudar a melhorar a qualidade do atendimento \u00e0 popula\u00e7\u00e3o na Bahia. Vamos tirar policiais do servi\u00e7o administrativo e colocar na atividade fim, garantindo a seguran\u00e7a da popula\u00e7\u00e3o&#8221;, comentou o governador Rui Costa. <\/span><\/p>\n<p><span style=\"color: #000000;\">Com a entrada dos jovens, 230 policiais militares, 86 bombeiros, 95 profissionais do Departamento de Pol\u00edcia T\u00e9cnica e 35 da Superintend\u00eancia de telecomunica\u00e7\u00f5es (Stelecom) ser\u00e3o relocados para suas atividades-fim e deixar\u00e3o de exercer fun\u00e7\u00f5es administrativas.<\/span><\/p>\n","protected":false},"excerpt":{"rendered":"<p>O governo estadual vai lan\u00e7ar nesta quarta-feira (30) o programa Primeiro Emprego, que planeja dar a primeira oportunidade de trabalho a nove mil jovens formados na Rede Estadual de Educa\u00e7\u00e3o Profissional. Na seguran\u00e7a p\u00fablica estadual, a gest\u00e3o garantiu emprego para 446 jovens que v\u00e3o desempenhar atividades em \u00e1reas como administra\u00e7\u00e3o, contabilidade, inform\u00e1tica e recursos humanos. [&hellip;]<\/p>\n","protected":false},"author":7,"featured_media":4742,"comment_status":"open","ping_status":"open","sticky":false,"template":"","format":"standard","meta":{"footnotes":""},"categories":[45,1],"tags":[108],"class_list":["post-13103","post","type-post","status-publish","format-standard","has-post-thumbnail","hentry","category-cidades","category-noticias","tag-belmonte"],"_links":{"self":[{"href":"https:\/\/www.maisbn.com\/portal\/wp-json\/wp\/v2\/posts\/13103","targetHints":{"allow":["GET"]}}],"collection":[{"href":"https:\/\/www.maisbn.com\/portal\/wp-json\/wp\/v2\/posts"}],"about":[{"href":"https:\/\/www.maisbn.com\/portal\/wp-json\/wp\/v2\/types\/post"}],"author":[{"embeddable":true,"href":"https:\/\/www.maisbn.com\/portal\/wp-json\/wp\/v2\/users\/7"}],"replies":[{"embeddable":true,"href":"https:\/\/www.maisbn.com\/portal\/wp-json\/wp\/v2\/comments?post=13103"}],"version-history":[{"count":1,"href":"https:\/\/www.maisbn.com\/portal\/wp-json\/wp\/v2\/posts\/13103\/revisions"}],"predecessor-version":[{"id":13104,"href":"https:\/\/www.maisbn.com\/portal\/wp-json\/wp\/v2\/posts\/13103\/revisions\/13104"}],"wp:featuredmedia":[{"embeddable":true,"href":"https:\/\/www.maisbn.com\/portal\/wp-json\/wp\/v2\/media\/4742"}],"wp:attachment":[{"href":"https:\/\/www.maisbn.com\/portal\/wp-json\/wp\/v2\/media?parent=13103"}],"wp:term":[{"taxonomy":"category","embeddable":true,"href":"https:\/\/www.maisbn.com\/portal\/wp-json\/wp\/v2\/categories?post=13103"},{"taxonomy":"post_tag","embeddable":true,"href":"https:\/\/www.maisbn.com\/portal\/wp-json\/wp\/v2\/tags?post=13103"}],"curies":[{"name":"wp","href":"https:\/\/api.w.org\/{rel}","templated":true}]}}