{"id":13101,"date":"2016-11-30T15:34:11","date_gmt":"2016-11-30T18:34:11","guid":{"rendered":"http:\/\/www.maisbn.com\/portal\/?p=13101"},"modified":"2016-11-30T15:34:11","modified_gmt":"2016-11-30T18:34:11","slug":"futura-gestao-marca-reuniao-para-discutir-a-organizacao-da-festa-de-sao-sebastiao-em-belmonte","status":"publish","type":"post","link":"https:\/\/www.maisbn.com\/portal\/2016\/11\/futura-gestao-marca-reuniao-para-discutir-a-organizacao-da-festa-de-sao-sebastiao-em-belmonte\/","title":{"rendered":"Futura gest\u00e3o marca reuni\u00e3o para discutir a organiza\u00e7\u00e3o da Festa de S\u00e3o Sebasti\u00e3o em Belmonte."},"content":{"rendered":"<p><a href=\"http:\/\/www.maisbn.com\/portal\/wp-content\/uploads\/2016\/11\/reuniaodacultura_00010.jpg\"><img loading=\"lazy\" decoding=\"async\" class=\"aligncenter size-full wp-image-13090\" src=\"http:\/\/www.maisbn.com\/portal\/wp-content\/uploads\/2016\/11\/reuniaodacultura_00010.jpg\" alt=\"reuniaodacultura_00010\" width=\"650\" height=\"412\" \/><\/a><\/p>\n<p><span style=\"color: #000000;\">A Comiss\u00e3o de Organiza\u00e7\u00e3o de Festas Populares nomeada pela futura gest\u00e3o do Prefeito Eleito J\u00e2nio Natal realizar\u00e1 mais uma reuni\u00e3o nessa sexta-feira (02\/12). Dessa vez a Comiss\u00e3o conversar\u00e1 com os organizadores da tradicional festa em homenagem \u00e0 S\u00e3o Sebasti\u00e3o que acontece no munic\u00edpio de Belmonte. Durante o evento ser\u00e3o discutidas formas de como o poder p\u00fablico municipal pode auxiliar no evento e quais as medidas que ter\u00e3o que ser tomadas para a seguran\u00e7a das pessoas que ir\u00e3o assistir o Levantamento do Mastro e as apresenta\u00e7\u00f5es do Boi Duro que acontecem durante a festa. A reuni\u00e3o acontecer\u00e1 por volta das 19:30Hrs na Sede da Lyra Popular de Belmonte.<\/span><\/p>\n<p><span style=\"color: #000000;\">O objetivo da reuni\u00e3o, segundo Herculano Assis, \u00e9 ouvir as pessoas que organizam todo o processo, ver as dificuldades e estudar solu\u00e7\u00f5es para resolver eventuais problemas. O Comando da Pol\u00edcia Militar de Belmonte tamb\u00e9m foi convidado a participar e dar ideias que ser\u00e3o implementadas na seguran\u00e7a da festa. &#8220;O nosso objetivo \u00e9 ouvir as pessoas e chegarmos a um consenso que ser\u00e1 levado \u00e0 futura gest\u00e3o. O levantamento do Mastro S\u00e3o Sebasti\u00e3o \u00e9 uma festa popular que tem que ser preservada e precisamos da ajuda de todos para que tenhamos um espet\u00e1culo lindo e com seguran\u00e7a para todos o moradores e visitantes.&#8221; &#8211; Comentou Herculano Assis.<\/span><\/p>\n","protected":false},"excerpt":{"rendered":"<p>A Comiss\u00e3o de Organiza\u00e7\u00e3o de Festas Populares nomeada pela futura gest\u00e3o do Prefeito Eleito J\u00e2nio Natal realizar\u00e1 mais uma reuni\u00e3o nessa sexta-feira (02\/12). Dessa vez a Comiss\u00e3o conversar\u00e1 com os organizadores da tradicional festa em homenagem \u00e0 S\u00e3o Sebasti\u00e3o que acontece no munic\u00edpio de Belmonte. Durante o evento ser\u00e3o discutidas formas de como o poder [&hellip;]<\/p>\n","protected":false},"author":7,"featured_media":13090,"comment_status":"open","ping_status":"open","sticky":false,"template":"","format":"standard","meta":{"footnotes":""},"categories":[45,1],"tags":[108],"class_list":["post-13101","post","type-post","status-publish","format-standard","has-post-thumbnail","hentry","category-cidades","category-noticias","tag-belmonte"],"_links":{"self":[{"href":"https:\/\/www.maisbn.com\/portal\/wp-json\/wp\/v2\/posts\/13101","targetHints":{"allow":["GET"]}}],"collection":[{"href":"https:\/\/www.maisbn.com\/portal\/wp-json\/wp\/v2\/posts"}],"about":[{"href":"https:\/\/www.maisbn.com\/portal\/wp-json\/wp\/v2\/types\/post"}],"author":[{"embeddable":true,"href":"https:\/\/www.maisbn.com\/portal\/wp-json\/wp\/v2\/users\/7"}],"replies":[{"embeddable":true,"href":"https:\/\/www.maisbn.com\/portal\/wp-json\/wp\/v2\/comments?post=13101"}],"version-history":[{"count":1,"href":"https:\/\/www.maisbn.com\/portal\/wp-json\/wp\/v2\/posts\/13101\/revisions"}],"predecessor-version":[{"id":13102,"href":"https:\/\/www.maisbn.com\/portal\/wp-json\/wp\/v2\/posts\/13101\/revisions\/13102"}],"wp:featuredmedia":[{"embeddable":true,"href":"https:\/\/www.maisbn.com\/portal\/wp-json\/wp\/v2\/media\/13090"}],"wp:attachment":[{"href":"https:\/\/www.maisbn.com\/portal\/wp-json\/wp\/v2\/media?parent=13101"}],"wp:term":[{"taxonomy":"category","embeddable":true,"href":"https:\/\/www.maisbn.com\/portal\/wp-json\/wp\/v2\/categories?post=13101"},{"taxonomy":"post_tag","embeddable":true,"href":"https:\/\/www.maisbn.com\/portal\/wp-json\/wp\/v2\/tags?post=13101"}],"curies":[{"name":"wp","href":"https:\/\/api.w.org\/{rel}","templated":true}]}}