{"id":13096,"date":"2016-11-30T14:57:26","date_gmt":"2016-11-30T17:57:26","guid":{"rendered":"http:\/\/www.maisbn.com\/portal\/?p=13096"},"modified":"2016-11-30T14:57:26","modified_gmt":"2016-11-30T17:57:26","slug":"marcelo-nilo-confirma-que-concorrera-a-reeleicao-para-presidente-do-legislativo-baiano","status":"publish","type":"post","link":"https:\/\/www.maisbn.com\/portal\/2016\/11\/marcelo-nilo-confirma-que-concorrera-a-reeleicao-para-presidente-do-legislativo-baiano\/","title":{"rendered":"Marcelo Nilo confirma que concorrer\u00e1 \u00e0 reelei\u00e7\u00e3o para Presidente do Legislativo baiano."},"content":{"rendered":"<p><a href=\"http:\/\/www.maisbn.com\/portal\/wp-content\/uploads\/2016\/11\/marcelo-nilo1-e1480528009504.jpg\"><img loading=\"lazy\" decoding=\"async\" class=\"aligncenter size-full wp-image-13099\" src=\"http:\/\/www.maisbn.com\/portal\/wp-content\/uploads\/2016\/11\/marcelo-nilo1-e1480528009504.jpg\" alt=\"marcelo-nilo1\" width=\"700\" height=\"394\" \/><\/a><\/p>\n<p><span style=\"color: #000000;\">O presidente da Assembleia Legislativa da Bahia (AL-BA), deputado estadual Marcelo Nilo (PSL), confirmou nesta ter\u00e7a-feira (29) que ser\u00e1 candidato a um sexto mandato \u00e0 frente da Casa. \u201cSou candidato a presid\u00eancia da Assembleia Legislativa de minha terra. \u00a0N\u00e3o considerava mais a possibilidade de permanecer \u00e0 frente do cargo, por\u00e9m o homem p\u00fablico n\u00e3o se pertence\u201d, disse o parlamentar. \u201cAceitei a conclama\u00e7\u00e3o dos meus pares para buscar essa nova investidura n\u00e3o como um fardo, mas com a responsabilidade de um parlamentar consciente da gravidade do momento pol\u00edtico, econ\u00f4mico e social que vivemos \u2013 em que a experi\u00eancia, seriedade e transpar\u00eancia s\u00e3o atributos importantes para que a Bahia se distancie do quadro ca\u00f3tico de outros estados e persista na busca do desenvolvimento com justi\u00e7a social\u201d, completou. <\/span><\/p>\n<p><span style=\"color: #000000;\">Nilo assumiu o compromisso de \u201cpersistir na postura de magistrado, garantindo \u00e0s for\u00e7as pol\u00edticas aqui representadas o espa\u00e7o proporcional ao que foi determinado pelas urnas\u201d. \u201cNingu\u00e9m \u00e9, ou deixa de ser candidato \u00e0 presid\u00eancia da Assembleia Legislativa por mera vontade ou vaidade. Circunst\u00e2ncias, as mais diversas, subordinam projetos. Eu achava, modestamente, que os avan\u00e7os republicanos registrados nos \u00faltimos dois anos seriam suficientes para o meu retorno ao plen\u00e1rio, \u00e0 tribuna, de onde sempre defendi as minhas convic\u00e7\u00f5es, mas ouvi as pondera\u00e7\u00f5es da maioria dos parlamentares que me colocam, mais uma vez, candidato a presidente do Legislativo da Bahia\u201d, justificou. <\/span><\/p>\n<p><span style=\"color: #000000;\">Para o pr\u00f3ximo bi\u00eanio, Nilo prometeu promover austeridade e transpar\u00eancia, al\u00e9m de manter o respeito \u00e0s manifesta\u00e7\u00f5es das oposi\u00e7\u00f5es. \u201cN\u00e3o existe democracia sem a garantia dos direitos da minoria por parte do bloco majorit\u00e1rio\u201d, concluiu.<\/span><\/p>\n","protected":false},"excerpt":{"rendered":"<p>O presidente da Assembleia Legislativa da Bahia (AL-BA), deputado estadual Marcelo Nilo (PSL), confirmou nesta ter\u00e7a-feira (29) que ser\u00e1 candidato a um sexto mandato \u00e0 frente da Casa. \u201cSou candidato a presid\u00eancia da Assembleia Legislativa de minha terra. \u00a0N\u00e3o considerava mais a possibilidade de permanecer \u00e0 frente do cargo, por\u00e9m o homem p\u00fablico n\u00e3o se [&hellip;]<\/p>\n","protected":false},"author":7,"featured_media":13099,"comment_status":"open","ping_status":"open","sticky":false,"template":"","format":"standard","meta":{"footnotes":""},"categories":[1,7],"tags":[108],"class_list":["post-13096","post","type-post","status-publish","format-standard","has-post-thumbnail","hentry","category-noticias","category-politica","tag-belmonte"],"_links":{"self":[{"href":"https:\/\/www.maisbn.com\/portal\/wp-json\/wp\/v2\/posts\/13096","targetHints":{"allow":["GET"]}}],"collection":[{"href":"https:\/\/www.maisbn.com\/portal\/wp-json\/wp\/v2\/posts"}],"about":[{"href":"https:\/\/www.maisbn.com\/portal\/wp-json\/wp\/v2\/types\/post"}],"author":[{"embeddable":true,"href":"https:\/\/www.maisbn.com\/portal\/wp-json\/wp\/v2\/users\/7"}],"replies":[{"embeddable":true,"href":"https:\/\/www.maisbn.com\/portal\/wp-json\/wp\/v2\/comments?post=13096"}],"version-history":[{"count":2,"href":"https:\/\/www.maisbn.com\/portal\/wp-json\/wp\/v2\/posts\/13096\/revisions"}],"predecessor-version":[{"id":13100,"href":"https:\/\/www.maisbn.com\/portal\/wp-json\/wp\/v2\/posts\/13096\/revisions\/13100"}],"wp:featuredmedia":[{"embeddable":true,"href":"https:\/\/www.maisbn.com\/portal\/wp-json\/wp\/v2\/media\/13099"}],"wp:attachment":[{"href":"https:\/\/www.maisbn.com\/portal\/wp-json\/wp\/v2\/media?parent=13096"}],"wp:term":[{"taxonomy":"category","embeddable":true,"href":"https:\/\/www.maisbn.com\/portal\/wp-json\/wp\/v2\/categories?post=13096"},{"taxonomy":"post_tag","embeddable":true,"href":"https:\/\/www.maisbn.com\/portal\/wp-json\/wp\/v2\/tags?post=13096"}],"curies":[{"name":"wp","href":"https:\/\/api.w.org\/{rel}","templated":true}]}}