{"id":13087,"date":"2016-11-29T09:29:34","date_gmt":"2016-11-29T12:29:34","guid":{"rendered":"http:\/\/www.maisbn.com\/portal\/?p=13087"},"modified":"2016-11-29T09:29:34","modified_gmt":"2016-11-29T12:29:34","slug":"organizacao-do-carnaval-2017-realiza-reuniao-com-blocos-tradicionais-em-belmonte","status":"publish","type":"post","link":"https:\/\/www.maisbn.com\/portal\/2016\/11\/organizacao-do-carnaval-2017-realiza-reuniao-com-blocos-tradicionais-em-belmonte\/","title":{"rendered":"Organiza\u00e7\u00e3o do Carnaval 2017 realiza reuni\u00e3o com Blocos tradicionais em Belmonte."},"content":{"rendered":"<p><span style=\"color: #000000;\">No \u00faltimo s\u00e1bado (26\/11) foi realizada na Sede da Filarm\u00f4nica Lyra Popular uma reuni\u00e3o entre a equipe organizadora do Carnaval 2017 e os respons\u00e1veis pelos blocos tradicionais do munic\u00edpio de Belmonte. O objetivo da reuni\u00e3o foi discutir temas como: Resgate dos Blocos Tradicionais de Belmonte, Levantamento dos Custos para cada Bloco, Hor\u00e1rio de Sa\u00edda dos Blocos, Premia\u00e7\u00e3o dos Melhores Blocos e uma data para um futuro Semin\u00e1rio da Cultura Carnavalesca e de Blocos.<\/span><\/p>\n<p><a href=\"http:\/\/www.maisbn.com\/portal\/wp-content\/uploads\/2016\/11\/reuniaodacultura_00001.jpg\"><img loading=\"lazy\" decoding=\"async\" class=\"aligncenter size-full wp-image-13088\" src=\"http:\/\/www.maisbn.com\/portal\/wp-content\/uploads\/2016\/11\/reuniaodacultura_00001.jpg\" alt=\"reuniaodacultura_00001\" width=\"650\" height=\"412\" \/><\/a><\/p>\n<p><span style=\"color: #000000;\">Durante a reuni\u00e3o a equipe organizadora tamb\u00e9m ouviu algumas queixas dos Blocos e a maior delas foi a situa\u00e7\u00e3o de conflito que vem acontecendo entre o hor\u00e1rio do arrast\u00e3o com trio que sai da Praia do Mar Moreno e a apresenta\u00e7\u00e3o dos mesmos. Os organizadores dos Blocos relataram que o grande p\u00fablico \u00e9 atra\u00eddo para a Praia para participar do Arrast\u00e3o e que os mesmos ficam esquecidos e se apresentando sozinhos pelas ruas da cidade. Alguns mais exaltados ainda pediram o fim do arrast\u00e3o ou que o mesmo sa\u00edsse mais cedo para que n\u00e3o atrapalhasse as apresenta\u00e7\u00f5es.<\/span><\/p>\n<p><a href=\"http:\/\/www.maisbn.com\/portal\/wp-content\/uploads\/2016\/11\/reuniaodacultura_00016.jpg\"><img loading=\"lazy\" decoding=\"async\" class=\"aligncenter size-full wp-image-13089\" src=\"http:\/\/www.maisbn.com\/portal\/wp-content\/uploads\/2016\/11\/reuniaodacultura_00016.jpg\" alt=\"reuniaodacultura_00016\" width=\"650\" height=\"412\" \/><\/a><\/p>\n<p><span style=\"color: #000000;\">Algumas pessoas\u00a0 presentes fizeram uma pondera\u00e7\u00e3o e relataram que o Arrast\u00e3o j\u00e1 \u00e9 uma marca do Carnaval de Belmonte e, diante da discuss\u00e3o, chegou-se a uma ideia de que os blocos poderiam ter um per\u00edodo de apresenta\u00e7\u00e3o compreendido de quinta-feira de carnaval at\u00e9 o s\u00e1bado, j\u00e1 que, os Arrast\u00f5es acontecem a partir do domingo.<\/span><\/p>\n<p><a href=\"http:\/\/www.maisbn.com\/portal\/wp-content\/uploads\/2016\/11\/reuniaodacultura_00010.jpg\"><img loading=\"lazy\" decoding=\"async\" class=\"aligncenter size-full wp-image-13090\" src=\"http:\/\/www.maisbn.com\/portal\/wp-content\/uploads\/2016\/11\/reuniaodacultura_00010.jpg\" alt=\"reuniaodacultura_00010\" width=\"650\" height=\"412\" \/><\/a><\/p>\n<p><span style=\"color: #000000;\">A Equipe Organizadora do Carnaval ouviu todas as sugest\u00f5es e queixas e prometeram levar as informa\u00e7\u00f5es ao Futuro Prefeito J\u00e2nio Natal para serem estudadas. A equipe ainda comentou que outras reuni\u00f5es ainda acontecer\u00e3o e que todas as quest\u00f5es ser\u00e3o solucionadas para que os belmontenses e turistas tenham o melhor Carnaval da Costa do Descobrimento.<\/span><\/p>\n","protected":false},"excerpt":{"rendered":"<p>No \u00faltimo s\u00e1bado (26\/11) foi realizada na Sede da Filarm\u00f4nica Lyra Popular uma reuni\u00e3o entre a equipe organizadora do Carnaval 2017 e os respons\u00e1veis pelos blocos tradicionais do munic\u00edpio de Belmonte. O objetivo da reuni\u00e3o foi discutir temas como: Resgate dos Blocos Tradicionais de Belmonte, Levantamento dos Custos para cada Bloco, Hor\u00e1rio de Sa\u00edda dos [&hellip;]<\/p>\n","protected":false},"author":7,"featured_media":13090,"comment_status":"open","ping_status":"open","sticky":false,"template":"","format":"standard","meta":{"footnotes":""},"categories":[45,1],"tags":[108],"class_list":["post-13087","post","type-post","status-publish","format-standard","has-post-thumbnail","hentry","category-cidades","category-noticias","tag-belmonte"],"_links":{"self":[{"href":"https:\/\/www.maisbn.com\/portal\/wp-json\/wp\/v2\/posts\/13087","targetHints":{"allow":["GET"]}}],"collection":[{"href":"https:\/\/www.maisbn.com\/portal\/wp-json\/wp\/v2\/posts"}],"about":[{"href":"https:\/\/www.maisbn.com\/portal\/wp-json\/wp\/v2\/types\/post"}],"author":[{"embeddable":true,"href":"https:\/\/www.maisbn.com\/portal\/wp-json\/wp\/v2\/users\/7"}],"replies":[{"embeddable":true,"href":"https:\/\/www.maisbn.com\/portal\/wp-json\/wp\/v2\/comments?post=13087"}],"version-history":[{"count":1,"href":"https:\/\/www.maisbn.com\/portal\/wp-json\/wp\/v2\/posts\/13087\/revisions"}],"predecessor-version":[{"id":13091,"href":"https:\/\/www.maisbn.com\/portal\/wp-json\/wp\/v2\/posts\/13087\/revisions\/13091"}],"wp:featuredmedia":[{"embeddable":true,"href":"https:\/\/www.maisbn.com\/portal\/wp-json\/wp\/v2\/media\/13090"}],"wp:attachment":[{"href":"https:\/\/www.maisbn.com\/portal\/wp-json\/wp\/v2\/media?parent=13087"}],"wp:term":[{"taxonomy":"category","embeddable":true,"href":"https:\/\/www.maisbn.com\/portal\/wp-json\/wp\/v2\/categories?post=13087"},{"taxonomy":"post_tag","embeddable":true,"href":"https:\/\/www.maisbn.com\/portal\/wp-json\/wp\/v2\/tags?post=13087"}],"curies":[{"name":"wp","href":"https:\/\/api.w.org\/{rel}","templated":true}]}}