{"id":13077,"date":"2016-11-29T08:37:59","date_gmt":"2016-11-29T11:37:59","guid":{"rendered":"http:\/\/www.maisbn.com\/portal\/?p=13077"},"modified":"2016-11-29T08:37:59","modified_gmt":"2016-11-29T11:37:59","slug":"moradores-de-belmonte-organizam-manifestacao-para-cobrar-melhorias-na-ba-001","status":"publish","type":"post","link":"https:\/\/www.maisbn.com\/portal\/2016\/11\/moradores-de-belmonte-organizam-manifestacao-para-cobrar-melhorias-na-ba-001\/","title":{"rendered":"Moradores de Belmonte organizam manifesta\u00e7\u00e3o para cobrar melhorias na BA-001."},"content":{"rendered":"<p><span style=\"color: #000000;\">A popula\u00e7\u00e3o de Belmonte anda revoltada com o descaso do Governo do Estado da Bahia. Estamos falando das condi\u00e7\u00f5es da BA-001 no trecho que sai do munic\u00edpio e vai at\u00e9 a cidade de Santa Cruz Cabr\u00e1lia. In\u00fameros buracos brotam a cada dia do asfalto e a situa\u00e7\u00e3o piora ainda mais quando chega a \u00e9poca das chuvas.<\/span><\/p>\n<div id=\"attachment_3840\" style=\"width: 650px\" class=\"wp-caption aligncenter\"><a href=\"http:\/\/www.maisbn.com\/portal\/wp-content\/uploads\/2013\/12\/estrada-01.jpg\"><img loading=\"lazy\" decoding=\"async\" aria-describedby=\"caption-attachment-3840\" class=\"size-full wp-image-3840\" src=\"http:\/\/www.maisbn.com\/portal\/wp-content\/uploads\/2013\/12\/estrada-01.jpg\" alt=\"BA-001 repleta de buracos.\" width=\"640\" height=\"480\" srcset=\"https:\/\/www.maisbn.com\/portal\/wp-content\/uploads\/2013\/12\/estrada-01.jpg 640w, https:\/\/www.maisbn.com\/portal\/wp-content\/uploads\/2013\/12\/estrada-01-466x350.jpg 466w\" sizes=\"auto, (max-width: 640px) 100vw, 640px\" \/><\/a><p id=\"caption-attachment-3840\" class=\"wp-caption-text\">BA-001 repleta de buracos.<\/p><\/div>\n<p><span style=\"color: #000000;\">Diversos of\u00edcios j\u00e1 foram mandados pelos representantes pol\u00edticos do munic\u00edpio. A popula\u00e7\u00e3o tamb\u00e9m tem entrado em contato com a Secretaria Estadual de Infraestrutura, mas a resposta \u00e9 sempre de que est\u00e1 nos planos de trabalhos do \u00f3rg\u00e3o e que n\u00e3o tem data para a recupera\u00e7\u00e3o do asfalto acontecer.<\/span><\/p>\n<p><img loading=\"lazy\" decoding=\"async\" class=\"aligncenter size-full wp-image-12812\" src=\"http:\/\/www.maisbn.com\/portal\/wp-content\/uploads\/2016\/10\/f1ototapaburacos00002.jpg\" alt=\"f1ototapaburacos00002\" width=\"642\" height=\"412\" \/><\/p>\n<p>O Governo do Estado ainda iniciou em outubro uma opera\u00e7\u00e3o tapa-buracos para tentar amenizar a situa\u00e7\u00e3o. Equipes da Mais Engenharia, empresa contratada para fazer o servi\u00e7o, passaram dois dias na localidade, mas o servi\u00e7o tapou apenas os buracos que existiam na entrada do munic\u00edpio de Belmonte e depois parou. Tamb\u00e9m j\u00e1 vieram t\u00e9cnicos para medir o asfalto para um posterior recapeamento, mas tamb\u00e9m as promessas ainda n\u00e3o se realizaram.<\/p>\n<div id=\"attachment_13078\" style=\"width: 652px\" class=\"wp-caption aligncenter\"><a href=\"http:\/\/www.maisbn.com\/portal\/wp-content\/uploads\/2016\/11\/acidente_estrada00001.jpg\"><img loading=\"lazy\" decoding=\"async\" aria-describedby=\"caption-attachment-13078\" class=\"size-full wp-image-13078\" src=\"http:\/\/www.maisbn.com\/portal\/wp-content\/uploads\/2016\/11\/acidente_estrada00001.jpg\" alt=\"\u00daltimo acidente causado por buracos na BA-001\" width=\"642\" height=\"412\" \/><\/a><p id=\"caption-attachment-13078\" class=\"wp-caption-text\">\u00daltimo acidente causado por buracos na BA-001<\/p><\/div>\n<p><span style=\"color: #000000;\">Diante do fato e do perigo crescente que os buracos da rodovia est\u00e3o se tornando, a popula\u00e7\u00e3o de Belmonte est\u00e1 se organizando para bloquear a BA-001 no pr\u00f3ximo dia 07\/12 e buscar o cumprimento de um compromisso assinado em abril de 2015 que se responsabilizava em atender o pedido de recupera\u00e7\u00e3o do asfalto. &#8220;O nosso objetivo \u00e9 lutarmos sem politicagem e baderna. Acidentes acontecem quase todos os dias por causa desses buracos e n\u00f3s moradores corremos risco de vida. Isso \u00e9 um descaso para a nossa cidade.&#8221; &#8211; Comentou Luciano Andrade (LULUCA).<\/span><\/p>\n<div id=\"attachment_13079\" style=\"width: 648px\" class=\"wp-caption aligncenter\"><a href=\"http:\/\/www.maisbn.com\/portal\/wp-content\/uploads\/2016\/11\/WhatsApp-Image-2016-11-28-at-12.57.21.jpeg\"><img loading=\"lazy\" decoding=\"async\" aria-describedby=\"caption-attachment-13079\" class=\"wp-image-13079 \" src=\"http:\/\/www.maisbn.com\/portal\/wp-content\/uploads\/2016\/11\/WhatsApp-Image-2016-11-28-at-12.57.21.jpeg\" alt=\"whatsapp-image-2016-11-28-at-12-57-21\" width=\"638\" height=\"638\" \/><\/a><p id=\"caption-attachment-13079\" class=\"wp-caption-text\">Fotos do \u00faltimo bloqueio feito em abril de 2015.<\/p><\/div>\n<p><span style=\"color: #000000;\">Os organizadores informaram que dever\u00e3o fechar a estrada na altura da localidade do Rio Preto e com isso sensibilizar a Veracel para que cobre junto com a popula\u00e7\u00e3o as melhorias na rodovia. As campanhas est\u00e3o sendo feitas nas redes sociais e nos meios de comunica\u00e7\u00e3o e espera-se um grande n\u00famero de pessoas no dia do bloqueio.<\/span><\/p>\n","protected":false},"excerpt":{"rendered":"<p>A popula\u00e7\u00e3o de Belmonte anda revoltada com o descaso do Governo do Estado da Bahia. Estamos falando das condi\u00e7\u00f5es da BA-001 no trecho que sai do munic\u00edpio e vai at\u00e9 a cidade de Santa Cruz Cabr\u00e1lia. In\u00fameros buracos brotam a cada dia do asfalto e a situa\u00e7\u00e3o piora ainda mais quando chega a \u00e9poca das [&hellip;]<\/p>\n","protected":false},"author":7,"featured_media":3840,"comment_status":"open","ping_status":"open","sticky":false,"template":"","format":"standard","meta":{"footnotes":""},"categories":[45,1],"tags":[108],"class_list":["post-13077","post","type-post","status-publish","format-standard","has-post-thumbnail","hentry","category-cidades","category-noticias","tag-belmonte"],"_links":{"self":[{"href":"https:\/\/www.maisbn.com\/portal\/wp-json\/wp\/v2\/posts\/13077","targetHints":{"allow":["GET"]}}],"collection":[{"href":"https:\/\/www.maisbn.com\/portal\/wp-json\/wp\/v2\/posts"}],"about":[{"href":"https:\/\/www.maisbn.com\/portal\/wp-json\/wp\/v2\/types\/post"}],"author":[{"embeddable":true,"href":"https:\/\/www.maisbn.com\/portal\/wp-json\/wp\/v2\/users\/7"}],"replies":[{"embeddable":true,"href":"https:\/\/www.maisbn.com\/portal\/wp-json\/wp\/v2\/comments?post=13077"}],"version-history":[{"count":1,"href":"https:\/\/www.maisbn.com\/portal\/wp-json\/wp\/v2\/posts\/13077\/revisions"}],"predecessor-version":[{"id":13080,"href":"https:\/\/www.maisbn.com\/portal\/wp-json\/wp\/v2\/posts\/13077\/revisions\/13080"}],"wp:featuredmedia":[{"embeddable":true,"href":"https:\/\/www.maisbn.com\/portal\/wp-json\/wp\/v2\/media\/3840"}],"wp:attachment":[{"href":"https:\/\/www.maisbn.com\/portal\/wp-json\/wp\/v2\/media?parent=13077"}],"wp:term":[{"taxonomy":"category","embeddable":true,"href":"https:\/\/www.maisbn.com\/portal\/wp-json\/wp\/v2\/categories?post=13077"},{"taxonomy":"post_tag","embeddable":true,"href":"https:\/\/www.maisbn.com\/portal\/wp-json\/wp\/v2\/tags?post=13077"}],"curies":[{"name":"wp","href":"https:\/\/api.w.org\/{rel}","templated":true}]}}