{"id":13071,"date":"2016-11-29T08:45:54","date_gmt":"2016-11-29T11:45:54","guid":{"rendered":"http:\/\/www.maisbn.com\/portal\/?p=13071"},"modified":"2016-11-29T08:45:54","modified_gmt":"2016-11-29T11:45:54","slug":"lar-da-menina-promove-evento-para-agradecer-ao-apoio-de-colaboradores-e-amigos","status":"publish","type":"post","link":"https:\/\/www.maisbn.com\/portal\/2016\/11\/lar-da-menina-promove-evento-para-agradecer-ao-apoio-de-colaboradores-e-amigos\/","title":{"rendered":"Lar da Menina promove evento para agradecer ao apoio de colaboradores e amigos."},"content":{"rendered":"<p><span style=\"color: #000000;\">Na tarde do \u00faltimo s\u00e1bado (26\/11) um grande evento foi realizado pela Associa\u00e7\u00e3o Lar da Menina. Estamos falando do Ch\u00e1 de agradecimento aos colaboradores e amigos que apoiam a obra de amor e carinho realizada pela entidade. A ocasi\u00e3o tamb\u00e9m marcou o fim das atividades do ano de 2016 e a despedida de algumas meninas que no ano que vem n\u00e3o far\u00e3o mais parte do projeto por causa do limite de idade de crian\u00e7as atendidas pela Associa\u00e7\u00e3o.<\/span><\/p>\n<p><a href=\"http:\/\/www.maisbn.com\/portal\/wp-content\/uploads\/2016\/11\/cha_00022.jpg\"><img loading=\"lazy\" decoding=\"async\" class=\"aligncenter size-full wp-image-13083\" src=\"http:\/\/www.maisbn.com\/portal\/wp-content\/uploads\/2016\/11\/cha_00022.jpg\" alt=\"cha_00022\" width=\"650\" height=\"412\" \/><\/a><\/p>\n<p><span style=\"color: #000000;\">A presidente da Associa\u00e7\u00e3o, Belenita Damaceno,comentou em seu discurso as dificuldade que foram enfrentadas esse ano pela entidade e agradeceu a todos que direta ou indiretamente ajudam nos trabalhos com as crian\u00e7as.<\/span><\/p>\n<p><a href=\"http:\/\/www.maisbn.com\/portal\/wp-content\/uploads\/2016\/11\/cha_00013.jpg\"><img loading=\"lazy\" decoding=\"async\" class=\"aligncenter size-full wp-image-13084\" src=\"http:\/\/www.maisbn.com\/portal\/wp-content\/uploads\/2016\/11\/cha_00013.jpg\" alt=\"cha_00013\" width=\"650\" height=\"412\" \/><\/a><\/p>\n<p><span style=\"color: #000000;\">Os convidados para o evento ainda assistiram um espet\u00e1culo musical do Grupo de Flautas regido pelo professor e maestro Roberto Lima que teve em seu repert\u00f3rio cl\u00e1ssicos das can\u00e7\u00f5es da M\u00fasica Popular Brasileira. &#8220;Eu me sinto realizado em formar uma turma com garotas t\u00e3o talentosas e me alegro em ver algumas buscando as Filarm\u00f4nicas da cidade para aprofundar os seus estudos de m\u00fasica.&#8221; &#8211; Comentou o Maestro Roberto Lima.<\/span><\/p>\n<p><a href=\"http:\/\/www.maisbn.com\/portal\/wp-content\/uploads\/2016\/11\/cha_00001.jpg\"><img loading=\"lazy\" decoding=\"async\" class=\"aligncenter size-full wp-image-13085\" src=\"http:\/\/www.maisbn.com\/portal\/wp-content\/uploads\/2016\/11\/cha_00001.jpg\" alt=\"cha_00001\" width=\"650\" height=\"412\" \/><\/a><\/p>\n<p><span style=\"color: #000000;\">A Associa\u00e7\u00e3o Lar da Menina \u00e9 uma entidade filantr\u00f3pica que trabalha com meninas na faixa et\u00e1ria de 07 a 13 aos em situa\u00e7\u00e3o de risco social, viol\u00eancia e pobreza que vivem no munic\u00edpio de Belmonte. A Associa\u00e7\u00e3o vive de doa\u00e7\u00f5es de pessoas que se identificam com a causa.<\/span><\/p>\n<p>&nbsp;<\/p>\n","protected":false},"excerpt":{"rendered":"<p>Na tarde do \u00faltimo s\u00e1bado (26\/11) um grande evento foi realizado pela Associa\u00e7\u00e3o Lar da Menina. Estamos falando do Ch\u00e1 de agradecimento aos colaboradores e amigos que apoiam a obra de amor e carinho realizada pela entidade. A ocasi\u00e3o tamb\u00e9m marcou o fim das atividades do ano de 2016 e a despedida de algumas meninas [&hellip;]<\/p>\n","protected":false},"author":7,"featured_media":13084,"comment_status":"open","ping_status":"open","sticky":false,"template":"","format":"standard","meta":{"footnotes":""},"categories":[45,1],"tags":[108],"class_list":["post-13071","post","type-post","status-publish","format-standard","has-post-thumbnail","hentry","category-cidades","category-noticias","tag-belmonte"],"_links":{"self":[{"href":"https:\/\/www.maisbn.com\/portal\/wp-json\/wp\/v2\/posts\/13071","targetHints":{"allow":["GET"]}}],"collection":[{"href":"https:\/\/www.maisbn.com\/portal\/wp-json\/wp\/v2\/posts"}],"about":[{"href":"https:\/\/www.maisbn.com\/portal\/wp-json\/wp\/v2\/types\/post"}],"author":[{"embeddable":true,"href":"https:\/\/www.maisbn.com\/portal\/wp-json\/wp\/v2\/users\/7"}],"replies":[{"embeddable":true,"href":"https:\/\/www.maisbn.com\/portal\/wp-json\/wp\/v2\/comments?post=13071"}],"version-history":[{"count":2,"href":"https:\/\/www.maisbn.com\/portal\/wp-json\/wp\/v2\/posts\/13071\/revisions"}],"predecessor-version":[{"id":13086,"href":"https:\/\/www.maisbn.com\/portal\/wp-json\/wp\/v2\/posts\/13071\/revisions\/13086"}],"wp:featuredmedia":[{"embeddable":true,"href":"https:\/\/www.maisbn.com\/portal\/wp-json\/wp\/v2\/media\/13084"}],"wp:attachment":[{"href":"https:\/\/www.maisbn.com\/portal\/wp-json\/wp\/v2\/media?parent=13071"}],"wp:term":[{"taxonomy":"category","embeddable":true,"href":"https:\/\/www.maisbn.com\/portal\/wp-json\/wp\/v2\/categories?post=13071"},{"taxonomy":"post_tag","embeddable":true,"href":"https:\/\/www.maisbn.com\/portal\/wp-json\/wp\/v2\/tags?post=13071"}],"curies":[{"name":"wp","href":"https:\/\/api.w.org\/{rel}","templated":true}]}}