{"id":13069,"date":"2016-11-28T09:36:08","date_gmt":"2016-11-28T12:36:08","guid":{"rendered":"http:\/\/www.maisbn.com\/portal\/?p=13069"},"modified":"2016-11-28T09:36:08","modified_gmt":"2016-11-28T12:36:08","slug":"trabalhos-da-equipe-de-transicao-de-governo-sao-iniciados-em-belmonte","status":"publish","type":"post","link":"https:\/\/www.maisbn.com\/portal\/2016\/11\/trabalhos-da-equipe-de-transicao-de-governo-sao-iniciados-em-belmonte\/","title":{"rendered":"Trabalhos da equipe de Transi\u00e7\u00e3o de Governo s\u00e3o iniciados em Belmonte."},"content":{"rendered":"<p><a href=\"http:\/\/www.maisbn.com\/portal\/wp-content\/uploads\/2015\/07\/prefeitura_de_belmonteatual.jpg\"><img loading=\"lazy\" decoding=\"async\" class=\"aligncenter size-full wp-image-8118\" src=\"http:\/\/www.maisbn.com\/portal\/wp-content\/uploads\/2015\/07\/prefeitura_de_belmonteatual.jpg\" alt=\"prefeitura_de_belmonteatual\" width=\"552\" height=\"310\" \/><\/a><\/p>\n<p><span style=\"color: #000000;\">A equipe de transi\u00e7\u00e3o de governo formada por representantes nomeados pela Prefeita Alice Britto e pelo prefeito eleito J\u00e2nio Natal iniciaram os trabalhos na \u00faltima quinta-feira (25\/11).<\/span><\/p>\n<p><span style=\"color: #000000;\">As atividades foram iniciadas com uma reuni\u00e3o onde os participantes trocaram as primeiras informa\u00e7\u00f5es e come\u00e7aram as an\u00e1lises de relat\u00f3rios preparados pela a atual gest\u00e3o. Os representantes do prefeito eleito J\u00e2nio Natal ainda percorreram diversos pr\u00e9dios p\u00fablicos e fizeram relat\u00f3rios da situa\u00e7\u00e3o de conserva\u00e7\u00e3o dos mesmos. Tamb\u00e9m visitaram as instala\u00e7\u00f5es do Hospital Dr. Jos\u00e9 da Costa Pinto Dantas, bem como, as obras ainda n\u00e3o finalizadas pela a atual gest\u00e3o.<\/span><\/p>\n<p><span style=\"color: #000000;\">A presid\u00eancia da Comiss\u00e3o de Transmiss\u00e3o de Governo ficou a cargo da Sr\u00aa. Cristiane Campos, atual Secret\u00e1ria Municipal de Governo, que junto com Ivani Moreira, Secret\u00e1ria Municipal de Finan\u00e7as, Alexander Moreira, Assessor Cont\u00e1bil, e Fernando Costa Bel\u00e9m, Controlador Interno, integram os nomes apontados pela Prefeita Alice Britto.<\/span><\/p>\n<p><span style=\"color: #000000;\">As pessoas nomeadas pelo futuro prefeito J\u00e2nio Natal foram: Raimundo Carvalho dos Santos, Luciano Sergipe e Carlos Alberto dos Santos. O Sr. Raimundo ainda informou \u00e0 nossa equipe que, al\u00e9m desses nomes, ainda existem mais pessoas convidadas a integrar a equipe de an\u00e1lises das informa\u00e7\u00f5es apresentadas e que os trabalhos est\u00e3o sendo acompanhados pelo futuro vice-prefeito Janival Andrade.<\/span><\/p>\n<p><span style=\"color: #000000;\">Janival, em conversa com nossa equipe, comentou que a transi\u00e7\u00e3o est\u00e1 sendo realizada sem problemas e que todas as informa\u00e7\u00f5es est\u00e3o sendo prestadas de maneira clara e objetiva pela a atual gest\u00e3o. &#8220;Estamos tendo uma Transmiss\u00e3o de Governo tranquila e todos os nossos questionamentos est\u00e3o sendo atendidos pela a equipe da atual gest\u00e3o que est\u00e1 sendo muito competente.&#8221; &#8211; Comentou Janival Andrade.<\/span><\/p>\n","protected":false},"excerpt":{"rendered":"<p>A equipe de transi\u00e7\u00e3o de governo formada por representantes nomeados pela Prefeita Alice Britto e pelo prefeito eleito J\u00e2nio Natal iniciaram os trabalhos na \u00faltima quinta-feira (25\/11). As atividades foram iniciadas com uma reuni\u00e3o onde os participantes trocaram as primeiras informa\u00e7\u00f5es e come\u00e7aram as an\u00e1lises de relat\u00f3rios preparados pela a atual gest\u00e3o. Os representantes do [&hellip;]<\/p>\n","protected":false},"author":7,"featured_media":8118,"comment_status":"open","ping_status":"open","sticky":false,"template":"","format":"standard","meta":{"footnotes":""},"categories":[1,7],"tags":[108],"class_list":["post-13069","post","type-post","status-publish","format-standard","has-post-thumbnail","hentry","category-noticias","category-politica","tag-belmonte"],"_links":{"self":[{"href":"https:\/\/www.maisbn.com\/portal\/wp-json\/wp\/v2\/posts\/13069","targetHints":{"allow":["GET"]}}],"collection":[{"href":"https:\/\/www.maisbn.com\/portal\/wp-json\/wp\/v2\/posts"}],"about":[{"href":"https:\/\/www.maisbn.com\/portal\/wp-json\/wp\/v2\/types\/post"}],"author":[{"embeddable":true,"href":"https:\/\/www.maisbn.com\/portal\/wp-json\/wp\/v2\/users\/7"}],"replies":[{"embeddable":true,"href":"https:\/\/www.maisbn.com\/portal\/wp-json\/wp\/v2\/comments?post=13069"}],"version-history":[{"count":1,"href":"https:\/\/www.maisbn.com\/portal\/wp-json\/wp\/v2\/posts\/13069\/revisions"}],"predecessor-version":[{"id":13070,"href":"https:\/\/www.maisbn.com\/portal\/wp-json\/wp\/v2\/posts\/13069\/revisions\/13070"}],"wp:featuredmedia":[{"embeddable":true,"href":"https:\/\/www.maisbn.com\/portal\/wp-json\/wp\/v2\/media\/8118"}],"wp:attachment":[{"href":"https:\/\/www.maisbn.com\/portal\/wp-json\/wp\/v2\/media?parent=13069"}],"wp:term":[{"taxonomy":"category","embeddable":true,"href":"https:\/\/www.maisbn.com\/portal\/wp-json\/wp\/v2\/categories?post=13069"},{"taxonomy":"post_tag","embeddable":true,"href":"https:\/\/www.maisbn.com\/portal\/wp-json\/wp\/v2\/tags?post=13069"}],"curies":[{"name":"wp","href":"https:\/\/api.w.org\/{rel}","templated":true}]}}