{"id":13053,"date":"2016-11-24T20:33:00","date_gmt":"2016-11-24T23:33:00","guid":{"rendered":"http:\/\/www.maisbn.com\/portal\/?p=13053"},"modified":"2016-11-24T20:43:20","modified_gmt":"2016-11-24T23:43:20","slug":"decisao-do-tre-reconduz-beto-do-sindicato-a-camara-de-vereadores-de-belmonte","status":"publish","type":"post","link":"https:\/\/www.maisbn.com\/portal\/2016\/11\/decisao-do-tre-reconduz-beto-do-sindicato-a-camara-de-vereadores-de-belmonte\/","title":{"rendered":"Decis\u00e3o do TRE reconduz Beto do Sindicato \u00e0 C\u00e2mara de Vereadores de Belmonte."},"content":{"rendered":"<div id=\"attachment_13054\" style=\"width: 710px\" class=\"wp-caption aligncenter\"><a href=\"http:\/\/www.maisbn.com\/portal\/wp-content\/uploads\/2016\/11\/betooooo-e1480030008959.jpg\"><img loading=\"lazy\" decoding=\"async\" aria-describedby=\"caption-attachment-13054\" class=\"size-full wp-image-13054\" src=\"http:\/\/www.maisbn.com\/portal\/wp-content\/uploads\/2016\/11\/betooooo-e1480030008959.jpg\" alt=\"Beto do Sindicato publica foto agradecendo ao Deputado Jurandy Oliveira.\" width=\"700\" height=\"389\" \/><\/a><p id=\"caption-attachment-13054\" class=\"wp-caption-text\">Beto do Sindicato publica foto agradecendo ao Deputado Jurandy Oliveira.<\/p><\/div>\n<p><span style=\"color: #000000;\">Uma decis\u00e3o proferida pelo Tribunal Regional Eleitoral da Bahia (TRE-BA) na tarde dessa quinta-feira (24\/11) deu provimento ao pedido de validade da candidatura de Jos\u00e9 Roberto Jesus de Souza (Beto do Sindicato) tornando-o vereador da cidade de Belmonte.<\/span><\/p>\n<p><span style=\"color: #000000;\">A candidatura de Beto tinha sido invalidada pela Justi\u00e7a Eleitoral de Belmonte devido a uma confus\u00e3o onde o Partido Republicano da Ordem Social (PROS) acabou aparecendo na coliga\u00e7\u00e3o de partidos que apoiava o prefeito eleito J\u00e2nio Natal e na coliga\u00e7\u00e3o advers\u00e1ria comandada pelo candidato derrotado I\u00eado Elias. Depois de diversas discuss\u00f5es e brigas o caso acabou indo parar\u00a0 na justi\u00e7a eleitoral que tomou a decis\u00e3o de invalidar a coliga\u00e7\u00e3o do partido feita para apoiar o candidato I\u00eado Elias. A justi\u00e7a entendeu que a antiga diretoria, que decidiu apoiar a coliga\u00e7\u00e3o advers\u00e1ria, j\u00e1 tinha sido destitu\u00edda e suas decis\u00f5es n\u00e3o eram mais v\u00e1lidas.\u00a0 A nova diretoria n\u00e3o reconheceu a ida para a oposi\u00e7\u00e3o e preferiu continuar com a coliga\u00e7\u00e3o do Deputado J\u00e2nio Natal. A mesma tamb\u00e9m n\u00e3o aceitou a candidatura de Beto do Sindicato que j\u00e1 tinha declarado apoio a I\u00eado Elias. Com a situa\u00e7\u00e3o, Beto teve os seus 210 votos anulados pela Justi\u00e7a Eleitoral e em seu lugar acabou assumindo a candidata Thiara Melga\u00e7o.<\/span><\/p>\n<p><span style=\"color: #000000;\">A briga ent\u00e3o foi parar no TRE onde a decis\u00e3o de validar a candidatura de Beto do Sindicato foi tomada depois de uma audi\u00eancia onde as partes, com a ajuda do Deputado Jurandy Oliveira, resolveram dar um fim \u00e0 discuss\u00e3o. Essa nova realidade acabou inviabilizando a perman\u00eancia de Thiara Melga\u00e7o em uma das cadeiras da C\u00e2mara de Vereadores de Belmonte.<\/span><\/p>\n<p><span style=\"color: #000000;\">A decis\u00e3o tamb\u00e9m acabou enfraquecendo ainda mais o poder pol\u00edtico da oposi\u00e7\u00e3o comandada pelo candidato derrotado I\u00eado Elias, j\u00e1 que, sem Thiara Melga\u00e7o, o mesmo ficar\u00e1 apenas com o vereador Alfredo Aberceb. A futura gest\u00e3o, por outro lado, ganhou mais um vereador para a sua base de apoio, j\u00e1 que, Beto tem sido visto em eventos realizados por J\u00e2nio Natal e vem conversando com o mesmo demonstrando que as diferen\u00e7as do passado j\u00e1 foram sanadas.<\/span><\/p>\n<p><span style=\"color: #000000;\">Pessoas ligadas \u00e0 Thiara Melga\u00e7o comentaram nas redes sociais que a mesma dever\u00e1 recorrer da decis\u00e3o, mas especialistas em direito eleitoral consultados por nossa equipe informaram que n\u00e3o acreditam que Thiara conseguir\u00e1 reverter a decis\u00e3o, j\u00e1 que, a mesma conseguiu uma vaga em consequ\u00eancia de uma disputa que ainda n\u00e3o tinha sido solucionada e o seu direito era condicionado ao resultado que acabou no favorecimento de Beto do Sindicato.<\/span><\/p>\n","protected":false},"excerpt":{"rendered":"<p>Uma decis\u00e3o proferida pelo Tribunal Regional Eleitoral da Bahia (TRE-BA) na tarde dessa quinta-feira (24\/11) deu provimento ao pedido de validade da candidatura de Jos\u00e9 Roberto Jesus de Souza (Beto do Sindicato) tornando-o vereador da cidade de Belmonte. A candidatura de Beto tinha sido invalidada pela Justi\u00e7a Eleitoral de Belmonte devido a uma confus\u00e3o onde [&hellip;]<\/p>\n","protected":false},"author":7,"featured_media":13054,"comment_status":"open","ping_status":"open","sticky":false,"template":"","format":"standard","meta":{"footnotes":""},"categories":[1,7],"tags":[108],"class_list":["post-13053","post","type-post","status-publish","format-standard","has-post-thumbnail","hentry","category-noticias","category-politica","tag-belmonte"],"_links":{"self":[{"href":"https:\/\/www.maisbn.com\/portal\/wp-json\/wp\/v2\/posts\/13053","targetHints":{"allow":["GET"]}}],"collection":[{"href":"https:\/\/www.maisbn.com\/portal\/wp-json\/wp\/v2\/posts"}],"about":[{"href":"https:\/\/www.maisbn.com\/portal\/wp-json\/wp\/v2\/types\/post"}],"author":[{"embeddable":true,"href":"https:\/\/www.maisbn.com\/portal\/wp-json\/wp\/v2\/users\/7"}],"replies":[{"embeddable":true,"href":"https:\/\/www.maisbn.com\/portal\/wp-json\/wp\/v2\/comments?post=13053"}],"version-history":[{"count":5,"href":"https:\/\/www.maisbn.com\/portal\/wp-json\/wp\/v2\/posts\/13053\/revisions"}],"predecessor-version":[{"id":13059,"href":"https:\/\/www.maisbn.com\/portal\/wp-json\/wp\/v2\/posts\/13053\/revisions\/13059"}],"wp:featuredmedia":[{"embeddable":true,"href":"https:\/\/www.maisbn.com\/portal\/wp-json\/wp\/v2\/media\/13054"}],"wp:attachment":[{"href":"https:\/\/www.maisbn.com\/portal\/wp-json\/wp\/v2\/media?parent=13053"}],"wp:term":[{"taxonomy":"category","embeddable":true,"href":"https:\/\/www.maisbn.com\/portal\/wp-json\/wp\/v2\/categories?post=13053"},{"taxonomy":"post_tag","embeddable":true,"href":"https:\/\/www.maisbn.com\/portal\/wp-json\/wp\/v2\/tags?post=13053"}],"curies":[{"name":"wp","href":"https:\/\/api.w.org\/{rel}","templated":true}]}}