{"id":13045,"date":"2016-11-23T10:53:31","date_gmt":"2016-11-23T13:53:31","guid":{"rendered":"http:\/\/www.maisbn.com\/portal\/?p=13045"},"modified":"2016-11-23T10:53:31","modified_gmt":"2016-11-23T13:53:31","slug":"pec-dos-gastos-estaduais-podera-congelar-salarios-e-dificultar-a-realizacao-de-concursos","status":"publish","type":"post","link":"https:\/\/www.maisbn.com\/portal\/2016\/11\/pec-dos-gastos-estaduais-podera-congelar-salarios-e-dificultar-a-realizacao-de-concursos\/","title":{"rendered":"PEC dos gastos estaduais poder\u00e1 congelar sal\u00e1rios e dificultar a realiza\u00e7\u00e3o de concursos.."},"content":{"rendered":"<p><a href=\"http:\/\/www.maisbn.com\/portal\/wp-content\/uploads\/2016\/11\/michel-temer-se-reuniu-com-governadores-nesta-terca-feira.jpg\"><img loading=\"lazy\" decoding=\"async\" class=\"aligncenter size-full wp-image-13046\" src=\"http:\/\/www.maisbn.com\/portal\/wp-content\/uploads\/2016\/11\/michel-temer-se-reuniu-com-governadores-nesta-terca-feira.jpg\" alt=\"michel-temer-se-reuniu-com-governadores-nesta-terca-feira\" width=\"627\" height=\"221\" \/><\/a><\/p>\n<p><span style=\"color: #000000;\">Os estados aceitaram as condi\u00e7\u00f5es impostas pelo governo federal para obter apoio financeiro da Uni\u00e3o. Em reuni\u00e3o nesta ter\u00e7a-feira (23) ficou decidido que os governadores dever\u00e3o conter as despesas correntes e apoiar a aprova\u00e7\u00e3o do PEC do teto dos gastos p\u00fablicos, a reforma da Previd\u00eancia e o projeto de lei que estabelece um teto de remunera\u00e7\u00e3o para o servi\u00e7o p\u00fablico. Com isso o governo federal prometeu compartilhar com os estados a multa arrecadada com o programa de repatria\u00e7\u00e3o, o que deve refor\u00e7ar em R$ 5 bilh\u00f5es os cofres estaduais. <\/span><\/p>\n<p><span style=\"color: #000000;\">De acordo com O Globo, tamb\u00e9m dever\u00e3o ser negociadas com o Tesouro outras medidas de ajuste, como a redu\u00e7\u00e3o de pelo menos 20% das despesas com cargos comissionados, tempor\u00e1rios ou gratifica\u00e7\u00f5es em rela\u00e7\u00e3o a 2015; e a cria\u00e7\u00e3o de um fundo estadual com contribui\u00e7\u00e3o de incentivos fiscais que n\u00e3o tenham sido deferidos pelo Conselho Nacional de Pol\u00edtica Fazend\u00e1ria (Confaz) &#8211; o valor da contribui\u00e7\u00e3o tem que ser no m\u00ednimo 10% do valor do incentivo concedido. O ministro Henrique Meirelles (Fazenda) informou que os governadores se comprometeram a retomar as contrapartidas exclu\u00eddas do projeto de lei que renegocia as d\u00edvidas dos estados com a Uni\u00e3o, em tramita\u00e7\u00e3o no Congresso: a veda\u00e7\u00e3o do aumento de sal\u00e1rio para funcion\u00e1rios p\u00fablicos por dois anos e a cria\u00e7\u00e3o de cargos. &#8220;Hoje a crise fiscal dos estados j\u00e1 est\u00e1 instalada. Isso \u00e9 algo pac\u00edfico. Existe um consenso de que essas medidas s\u00e3o necess\u00e1rias. Tem que fazer um ajuste, sen\u00e3o todos correm o risco de chegar \u00e0 situa\u00e7\u00e3o do Rio de Janeiro&#8221;, comparou Meirelles. <\/span><\/p>\n<p><span style=\"color: #000000;\">Os governadores ainda ter\u00e3o que desistir de brigar no Supremo Tribunal Federal (STF) por esses valores. A forma como os recursos ser\u00e3o repassados, no entanto, ainda n\u00e3o foi definida, mas os estados precisam sinalizar o cumprimento das medidas.\u00a0<\/span><\/p>\n","protected":false},"excerpt":{"rendered":"<p>Os estados aceitaram as condi\u00e7\u00f5es impostas pelo governo federal para obter apoio financeiro da Uni\u00e3o. Em reuni\u00e3o nesta ter\u00e7a-feira (23) ficou decidido que os governadores dever\u00e3o conter as despesas correntes e apoiar a aprova\u00e7\u00e3o do PEC do teto dos gastos p\u00fablicos, a reforma da Previd\u00eancia e o projeto de lei que estabelece um teto de [&hellip;]<\/p>\n","protected":false},"author":7,"featured_media":13046,"comment_status":"open","ping_status":"open","sticky":false,"template":"","format":"standard","meta":{"footnotes":""},"categories":[1,7],"tags":[108],"class_list":["post-13045","post","type-post","status-publish","format-standard","has-post-thumbnail","hentry","category-noticias","category-politica","tag-belmonte"],"_links":{"self":[{"href":"https:\/\/www.maisbn.com\/portal\/wp-json\/wp\/v2\/posts\/13045","targetHints":{"allow":["GET"]}}],"collection":[{"href":"https:\/\/www.maisbn.com\/portal\/wp-json\/wp\/v2\/posts"}],"about":[{"href":"https:\/\/www.maisbn.com\/portal\/wp-json\/wp\/v2\/types\/post"}],"author":[{"embeddable":true,"href":"https:\/\/www.maisbn.com\/portal\/wp-json\/wp\/v2\/users\/7"}],"replies":[{"embeddable":true,"href":"https:\/\/www.maisbn.com\/portal\/wp-json\/wp\/v2\/comments?post=13045"}],"version-history":[{"count":1,"href":"https:\/\/www.maisbn.com\/portal\/wp-json\/wp\/v2\/posts\/13045\/revisions"}],"predecessor-version":[{"id":13047,"href":"https:\/\/www.maisbn.com\/portal\/wp-json\/wp\/v2\/posts\/13045\/revisions\/13047"}],"wp:featuredmedia":[{"embeddable":true,"href":"https:\/\/www.maisbn.com\/portal\/wp-json\/wp\/v2\/media\/13046"}],"wp:attachment":[{"href":"https:\/\/www.maisbn.com\/portal\/wp-json\/wp\/v2\/media?parent=13045"}],"wp:term":[{"taxonomy":"category","embeddable":true,"href":"https:\/\/www.maisbn.com\/portal\/wp-json\/wp\/v2\/categories?post=13045"},{"taxonomy":"post_tag","embeddable":true,"href":"https:\/\/www.maisbn.com\/portal\/wp-json\/wp\/v2\/tags?post=13045"}],"curies":[{"name":"wp","href":"https:\/\/api.w.org\/{rel}","templated":true}]}}