{"id":13040,"date":"2016-11-23T10:13:19","date_gmt":"2016-11-23T13:13:19","guid":{"rendered":"http:\/\/www.maisbn.com\/portal\/?p=13040"},"modified":"2016-11-23T10:13:19","modified_gmt":"2016-11-23T13:13:19","slug":"oposicao-esta-cada-vez-mais-longe-de-conseguir-a-presidencia-do-legislativo-em-belmonte","status":"publish","type":"post","link":"https:\/\/www.maisbn.com\/portal\/2016\/11\/oposicao-esta-cada-vez-mais-longe-de-conseguir-a-presidencia-do-legislativo-em-belmonte\/","title":{"rendered":"Oposi\u00e7\u00e3o est\u00e1 cada vez mais longe de conseguir a Presid\u00eancia do Legislativo em Belmonte."},"content":{"rendered":"<p><a href=\"http:\/\/www.maisbn.com\/portal\/wp-content\/uploads\/2014\/12\/camara_belmonte.jpg\"><img loading=\"lazy\" decoding=\"async\" class=\"aligncenter size-full wp-image-6567\" src=\"http:\/\/www.maisbn.com\/portal\/wp-content\/uploads\/2014\/12\/camara_belmonte.jpg\" alt=\"camara_belmonte\" width=\"528\" height=\"277\" \/><\/a><\/p>\n<p><span style=\"color: #000000;\">O tempo vai passando e o futuro prefeito de Belmonte, o atual deputado J\u00e2nio Natal, vai solapando os planos da oposi\u00e7\u00e3o de conseguirem levar a Presid\u00eancia da C\u00e2mara de Vereadores em 2017. As conversas dos bastidores pol\u00edticos constam que J\u00e2nio vem fazendo reuni\u00f5es com alguns vereadores e j\u00e1 garantiu a maioria na C\u00e2mara derrubando as chances de sucesso de uma poss\u00edvel candidatura do futuro vereador Alfredo Aberceb pela oposi\u00e7\u00e3o.<\/span><\/p>\n<p><span style=\"color: #000000;\">Vendo as movimenta\u00e7\u00f5es pol\u00edticas do Deputado J\u00e2nio Natal percebemos que o mesmo usou uma estrat\u00e9gia inteligente para acabar com as pretens\u00f5es do grupo pol\u00edtico liderado pelo seu advers\u00e1rio pol\u00edtico I\u00eado Elias, derrotado nas \u00faltimas elei\u00e7\u00f5es em outubro desse ano. J\u00e2nio, alguns dias ap\u00f3s a vit\u00f3ria, come\u00e7ou a entrar em contato com os vereadores eleitos. Os primeiros que foram chamados para a conversa foram os 04 vereadores que fizeram parte da coliga\u00e7\u00e3o que apoiou a reelei\u00e7\u00e3o da atual prefeita Alice Britto. Armando da Usina, Kek\u00e9, Dudu e Idinho n\u00e3o tinham o vi\u00e9s de oposi\u00e7\u00e3o ao futuro prefeito, j\u00e1 que, os grupos pol\u00edticos de Alice e J\u00e2nio Natal n\u00e3o chegaram a se enfrentar diretamente e em alguns casos at\u00e9 concordavam que tinham um inimigo comum. Por causa desse fato a conversa foi bem produtiva entre esses vereadores e o prefeito eleito.<\/span><\/p>\n<p><span style=\"color: #000000;\">Logo ap\u00f3s J\u00e2nio come\u00e7ou a tentar um di\u00e1logo com os vereadores eleitos pelo grupo pol\u00edtico do ex-prefeito I\u00eado Elias. N\u00e3o sabemos o teor da conversa, mas podemos supor que pelo menos os vereadores Daco do Hospital e Jorge Passos apoiar\u00e3o o futuro governo, j\u00e1 que, os mesmos, segundo informa\u00e7\u00f5es, tem dialogado com J\u00e2nio Natal e aparecido em fotos na sua resid\u00eancia em Porto Seguro e em eventos realizados pelo mesmo. Al\u00e9m desses 05 vereadores J\u00e2nio ainda tem ao seu lado os vereadores Rog\u00e9rio Bahia, Nalva e Calango. No total ser\u00e3o possivelmente 09 votos. Contra os votos dos vereadores Thiara e Alfredo Aberceb. <\/span><\/p>\n<p><span style=\"color: #000000;\">Pessoas ligadas ao futuro prefeito J\u00e2nio Natal comentaram que o objetivo do mesmo \u00e9 formar um governo de uni\u00e3o, j\u00e1 que, ele precisa de apoio para implementar as medidas necess\u00e1rias para combater o marasmo econ\u00f4mico que Belmonte enfrenta. Tamb\u00e9m avaliamos que h\u00e1 um temor da oposi\u00e7\u00e3o de que J\u00e2nio e Janival consigam fazer uma administra\u00e7\u00e3o de sucesso e, com isso, jogar o nome de I\u00eado Elias, o seu principal l\u00edder pol\u00edtico, no esquecimento. &#8220;N\u00e3o sabemos como o ex-prefeito far\u00e1 para manter a manuten\u00e7\u00e3o do seu nome. Hoje ele tem que lutar para seu nome continuar em evid\u00eancia no mundo pol\u00edtico, j\u00e1 que, a gest\u00e3o do mesmo n\u00e3o trouxe nenhum desenvolvimento para a cidade e se apoiou apenas com a fal\u00e1cia de pagamento em dia.&#8221; &#8211; Comentou um dos correligion\u00e1rios de J\u00e2nio Natal abordado por nossa reportagem.<\/span><\/p>\n<p><span style=\"color: #000000;\">O mundo pol\u00edtico ainda continua em ebuli\u00e7\u00e3o e todos agora esperam a divulga\u00e7\u00e3o do nome do candidato \u00e0 Presid\u00eancia do Legislativo Municipal apoiado por J\u00e2nio. Outra not\u00edcia tamb\u00e9m muito esperada s\u00e3o os nomes dos futuros Secret\u00e1rios Municipais e a concretiza\u00e7\u00e3o ou n\u00e3o dos boatos de que J\u00e2nio Natal ir\u00e1 renunciar ao mandato em favor do seu irm\u00e3o Janival Andrade, fato que os dois n\u00e3o confirmam, mas tem gerado muitos burburinhos nos bastidores.<\/span><\/p>\n<p>&nbsp;<\/p>\n<p>&nbsp;<\/p>\n","protected":false},"excerpt":{"rendered":"<p>O tempo vai passando e o futuro prefeito de Belmonte, o atual deputado J\u00e2nio Natal, vai solapando os planos da oposi\u00e7\u00e3o de conseguirem levar a Presid\u00eancia da C\u00e2mara de Vereadores em 2017. As conversas dos bastidores pol\u00edticos constam que J\u00e2nio vem fazendo reuni\u00f5es com alguns vereadores e j\u00e1 garantiu a maioria na C\u00e2mara derrubando as [&hellip;]<\/p>\n","protected":false},"author":7,"featured_media":6567,"comment_status":"open","ping_status":"open","sticky":false,"template":"","format":"standard","meta":{"footnotes":""},"categories":[1,7],"tags":[108],"class_list":["post-13040","post","type-post","status-publish","format-standard","has-post-thumbnail","hentry","category-noticias","category-politica","tag-belmonte"],"_links":{"self":[{"href":"https:\/\/www.maisbn.com\/portal\/wp-json\/wp\/v2\/posts\/13040","targetHints":{"allow":["GET"]}}],"collection":[{"href":"https:\/\/www.maisbn.com\/portal\/wp-json\/wp\/v2\/posts"}],"about":[{"href":"https:\/\/www.maisbn.com\/portal\/wp-json\/wp\/v2\/types\/post"}],"author":[{"embeddable":true,"href":"https:\/\/www.maisbn.com\/portal\/wp-json\/wp\/v2\/users\/7"}],"replies":[{"embeddable":true,"href":"https:\/\/www.maisbn.com\/portal\/wp-json\/wp\/v2\/comments?post=13040"}],"version-history":[{"count":1,"href":"https:\/\/www.maisbn.com\/portal\/wp-json\/wp\/v2\/posts\/13040\/revisions"}],"predecessor-version":[{"id":13041,"href":"https:\/\/www.maisbn.com\/portal\/wp-json\/wp\/v2\/posts\/13040\/revisions\/13041"}],"wp:featuredmedia":[{"embeddable":true,"href":"https:\/\/www.maisbn.com\/portal\/wp-json\/wp\/v2\/media\/6567"}],"wp:attachment":[{"href":"https:\/\/www.maisbn.com\/portal\/wp-json\/wp\/v2\/media?parent=13040"}],"wp:term":[{"taxonomy":"category","embeddable":true,"href":"https:\/\/www.maisbn.com\/portal\/wp-json\/wp\/v2\/categories?post=13040"},{"taxonomy":"post_tag","embeddable":true,"href":"https:\/\/www.maisbn.com\/portal\/wp-json\/wp\/v2\/tags?post=13040"}],"curies":[{"name":"wp","href":"https:\/\/api.w.org\/{rel}","templated":true}]}}