{"id":13025,"date":"2016-11-19T14:58:36","date_gmt":"2016-11-19T17:58:36","guid":{"rendered":"http:\/\/www.maisbn.com\/portal\/?p=13025"},"modified":"2016-11-19T14:58:36","modified_gmt":"2016-11-19T17:58:36","slug":"monitoramento-da-evolucao-da-cobertura-vegetal-da-mata-atlantica-e-divulgado","status":"publish","type":"post","link":"https:\/\/www.maisbn.com\/portal\/2016\/11\/monitoramento-da-evolucao-da-cobertura-vegetal-da-mata-atlantica-e-divulgado\/","title":{"rendered":"Monitoramento da evolu\u00e7\u00e3o da cobertura vegetal da Mata Atl\u00e2ntica \u00e9 divulgado."},"content":{"rendered":"<p><a href=\"http:\/\/www.maisbn.com\/portal\/wp-content\/uploads\/2016\/11\/cobertura-vegetal-em-2001.jpg\"><img loading=\"lazy\" decoding=\"async\" class=\"aligncenter size-full wp-image-13026\" src=\"http:\/\/www.maisbn.com\/portal\/wp-content\/uploads\/2016\/11\/cobertura-vegetal-em-2001.jpg\" alt=\"cobertura-vegetal-em-2001\" width=\"700\" height=\"378\" \/><\/a><\/p>\n<p><span style=\"color: #000000;\">O Programa de Monitoramento Independente da Cobertura Vegetal do Sul e Extremo Sul da Bahia foi lan\u00e7ado durante o encontro do F\u00f3rum Florestal \u2013 \u201cEncontro pelas \u00c1guas\u201d, como resultado do segundo ciclo de avalia\u00e7\u00e3o e monitoramento, no caso da \u00e1rea da Veracel, \u00a0e em primeiro ciclo para \u00e1reas de influ\u00eancia da Fibria e Suzano. Este trabalho mostra a evolu\u00e7\u00e3o da cobertura vegetal em toda a regi\u00e3o. O evento aconteceu nos dias 18 e 19 de outubro, na Universidade Federal do Sul da Bahia (UFSB), em Porto Seguro.<\/span><\/p>\n<p><span style=\"color: #000000;\">Patrocinado pelas Veracel, Fibria e Suzano, as informa\u00e7\u00f5es geradas s\u00e3o importantes para conhecer a evolu\u00e7\u00e3o da paisagem nas \u00e1reas da Mata Atl\u00e2ntica em todo Sul e Extremo Sul da Bahia \u00a0de 1990 a 2013. S\u00e3o mais de um milh\u00e3o de hectares cujas imagens de sat\u00e9lite revelam informa\u00e7\u00f5es precisas sobre a influ\u00eancia da atividade humana e suas implica\u00e7\u00f5es sobre os cursos d\u2019\u00e1gua, cobertura vegetal \u00a0e atividades econ\u00f4micas. \u201c\u00c9 um fato in\u00e9dito! No Brasil, n\u00e3o h\u00e1 escala de um diagn\u00f3stico dessa magnitude e com esse n\u00edvel de detalhes\u201d, ressaltou Renato Carneiro, gerente de Sustentabilidade da Veracel.<\/span><\/p>\n<p><span style=\"color: #000000;\">As imagens de sat\u00e9lite poder\u00e3o ser utilizadas pelos munic\u00edpios e estados na gest\u00e3o do territ\u00f3rio, pelas pr\u00f3prias empresas patrocinadoras do estudo e por institui\u00e7\u00f5es nacionais e internacionais em prol da conserva\u00e7\u00e3o do bioma Mata Atl\u00e2ntica. \u201cUm exemplo claro disso \u00e9 a ong SOS Mata Atl\u00e2ntica que, junto com outras institui\u00e7\u00f5es, utilizou essas informa\u00e7\u00f5es para elaborar os Planos Municipais de Conserva\u00e7\u00e3o e Recupera\u00e7\u00e3o da Mata Atl\u00e2ntica (PMMA) nos munic\u00edpios em que atuamos\u201d, afirmou Carneiro.<\/span><\/p>\n<p><span style=\"color: #000000;\"><strong>Veracel 25 anos: aprendendo e preservando<\/strong><\/span><\/p>\n<p><span style=\"color: #000000;\">A partir do Monitoramento Independente, a Veracel contratou junto ao Ibio um recorte dos estudos, com foco espec\u00edfico em suas \u00e1reas e nas propriedades dos produtores integrantes do Programa Produtor Florestal (PPF). Os resultados deste relat\u00f3rio mostram que nas \u00e1reas da Veracel e dos produtores, na extens\u00e3o dos dez munic\u00edpios de atua\u00e7\u00e3o da empresa, houve expressivo aumento da vegeta\u00e7\u00e3o nativa, um ganho de quase 12 mil hectares, nas compara\u00e7\u00f5es entre as imagens de 2007 e 2013. Deste total, 9.500 s\u00e3o \u00e1reas da Veracel ou dos produtores do PPF.<\/span><\/p>\n<p><span style=\"color: #000000;\">Considerando que esse territ\u00f3rio da Bahia \u00e9 um dos que mais sofre com o desmatamento (de acordo com dados da Funda\u00e7\u00e3o SOS Mata Atl\u00e2ntica), para a empresa, estes n\u00fameros s\u00e3o extremamente relevantes e representam o resultado concreto das a\u00e7\u00f5es de manejo florestal e de conserva\u00e7\u00e3o ambiental que est\u00e3o sob gest\u00e3o da companhia.<\/span><\/p>\n","protected":false},"excerpt":{"rendered":"<p>O Programa de Monitoramento Independente da Cobertura Vegetal do Sul e Extremo Sul da Bahia foi lan\u00e7ado durante o encontro do F\u00f3rum Florestal \u2013 \u201cEncontro pelas \u00c1guas\u201d, como resultado do segundo ciclo de avalia\u00e7\u00e3o e monitoramento, no caso da \u00e1rea da Veracel, \u00a0e em primeiro ciclo para \u00e1reas de influ\u00eancia da Fibria e Suzano. Este [&hellip;]<\/p>\n","protected":false},"author":7,"featured_media":13026,"comment_status":"open","ping_status":"open","sticky":false,"template":"","format":"standard","meta":{"footnotes":""},"categories":[29,1],"tags":[108],"class_list":["post-13025","post","type-post","status-publish","format-standard","has-post-thumbnail","hentry","category-empreendimentos","category-noticias","tag-belmonte"],"_links":{"self":[{"href":"https:\/\/www.maisbn.com\/portal\/wp-json\/wp\/v2\/posts\/13025","targetHints":{"allow":["GET"]}}],"collection":[{"href":"https:\/\/www.maisbn.com\/portal\/wp-json\/wp\/v2\/posts"}],"about":[{"href":"https:\/\/www.maisbn.com\/portal\/wp-json\/wp\/v2\/types\/post"}],"author":[{"embeddable":true,"href":"https:\/\/www.maisbn.com\/portal\/wp-json\/wp\/v2\/users\/7"}],"replies":[{"embeddable":true,"href":"https:\/\/www.maisbn.com\/portal\/wp-json\/wp\/v2\/comments?post=13025"}],"version-history":[{"count":1,"href":"https:\/\/www.maisbn.com\/portal\/wp-json\/wp\/v2\/posts\/13025\/revisions"}],"predecessor-version":[{"id":13027,"href":"https:\/\/www.maisbn.com\/portal\/wp-json\/wp\/v2\/posts\/13025\/revisions\/13027"}],"wp:featuredmedia":[{"embeddable":true,"href":"https:\/\/www.maisbn.com\/portal\/wp-json\/wp\/v2\/media\/13026"}],"wp:attachment":[{"href":"https:\/\/www.maisbn.com\/portal\/wp-json\/wp\/v2\/media?parent=13025"}],"wp:term":[{"taxonomy":"category","embeddable":true,"href":"https:\/\/www.maisbn.com\/portal\/wp-json\/wp\/v2\/categories?post=13025"},{"taxonomy":"post_tag","embeddable":true,"href":"https:\/\/www.maisbn.com\/portal\/wp-json\/wp\/v2\/tags?post=13025"}],"curies":[{"name":"wp","href":"https:\/\/api.w.org\/{rel}","templated":true}]}}