{"id":13019,"date":"2016-11-18T14:24:42","date_gmt":"2016-11-18T17:24:42","guid":{"rendered":"http:\/\/www.maisbn.com\/portal\/?p=13019"},"modified":"2016-11-18T14:24:42","modified_gmt":"2016-11-18T17:24:42","slug":"veracel-capacita-agentes-de-desenvolvimento-comunitario-na-regiao","status":"publish","type":"post","link":"https:\/\/www.maisbn.com\/portal\/2016\/11\/veracel-capacita-agentes-de-desenvolvimento-comunitario-na-regiao\/","title":{"rendered":"VERACEL CAPACITA AGENTES DE DESENVOLVIMENTO COMUNIT\u00c1RIO NA REGI\u00c3O."},"content":{"rendered":"<p class=\"m_-2816197810739201212MsoNoSpacing\"><span style=\"color: #000000;\">Fortalecer as comunidades e contribuir para o desenvolvimento do territ\u00f3rio. Com estes objetivos, a Veracel Celulose e a ONG Instituto M\u00e3e Terra conclu\u00edram a forma\u00e7\u00e3o de mais uma turma dos cursos de Agentes de Desenvolvimento Comunit\u00e1rio, e Associativismo e Cooperativismo. Os cursos fazem parte das estrat\u00e9gias de promo\u00e7\u00e3o do protagonismo socioecon\u00f4mico estimulado pela Veracel e s\u00e3o oferecidos para os moradores das comunidades rurais e costeiras das \u00e1reas de opera\u00e7\u00f5es da empresa. Mais de 150 moradores de 65 comunidades j\u00e1 participaram dessa forma\u00e7\u00e3o. \u201cEstamos presentes em dez munic\u00edpios da regi\u00e3o com nossas opera\u00e7\u00f5es e s\u00e3o nas comunidades rurais e costeiras onde residem as pessoas que conhecem de perto como trabalhamos. Por isso, priorizamos essas comunidades nas nossas estrat\u00e9gias de atua\u00e7\u00e3o\u201d, explica Izabel Bianchi, especialista de Responsabilidade Social da Veracel.<u><\/u><u><\/u><\/span><\/p>\n<div id=\"attachment_13021\" style=\"width: 710px\" class=\"wp-caption aligncenter\"><a style=\"color: #000000;\" href=\"http:\/\/www.maisbn.com\/portal\/wp-content\/uploads\/2016\/11\/Alunos-curso-Agente-de-Desenvolvimento-Comunit\u00e1rio-e1479489351448.jpg\"><img loading=\"lazy\" decoding=\"async\" aria-describedby=\"caption-attachment-13021\" class=\"size-full wp-image-13021\" src=\"http:\/\/www.maisbn.com\/portal\/wp-content\/uploads\/2016\/11\/Alunos-curso-Agente-de-Desenvolvimento-Comunit\u00e1rio-e1479489351448.jpg\" alt=\"Alunos do Curso de Agente de Desenvolvimento Comunitario\" width=\"700\" height=\"525\" \/><\/a><p id=\"caption-attachment-13021\" class=\"wp-caption-text\"><\/span> <span style=\"color: #000000;\">Alunos do Curso de Agente de Desenvolvimento Comunit\u00e1rio.<\/span><\/p><\/div>\n<p class=\"m_-2816197810739201212MsoNoSpacing\"><span style=\"color: #000000;\">Moradores dessas comunidades s\u00e3o indicados pelas lideran\u00e7as e, durante os cursos, s\u00e3o capacitados para entender melhor as condi\u00e7\u00f5es e necessidades de onde vivem, apoiar e incentivar o desenvolvimento de projetos e a\u00e7\u00f5es que beneficiem suas comunidades. \u201cPrimeiro, se desenvolve os sujeitos, depois se organiza a comunidade para que ela, com suas pr\u00f3prias pernas, consiga entender as demandas sociais coletivas, identifique as oportunidades e elabore projetos para capta\u00e7\u00e3o de recursos que ir\u00e3o contribuir com o desenvolvimento local\u201d, destaca a gerente de projetos do Instituto M\u00e3e Terra, Flaelma Almeida.<u><\/u><u><\/u><\/span><\/p>\n<div id=\"attachment_13022\" style=\"width: 710px\" class=\"wp-caption aligncenter\"><a style=\"color: #000000;\" href=\"http:\/\/www.maisbn.com\/portal\/wp-content\/uploads\/2016\/11\/Alunos-Curso-Associativismo-e-Cooperativismo-e1479489540629.jpg\"><img loading=\"lazy\" decoding=\"async\" aria-describedby=\"caption-attachment-13022\" class=\"size-full wp-image-13022\" src=\"http:\/\/www.maisbn.com\/portal\/wp-content\/uploads\/2016\/11\/Alunos-Curso-Associativismo-e-Cooperativismo-e1479489540629.jpg\" alt=\"Alunos do Curso de Associativismo e cooperativismo.\" width=\"700\" height=\"394\" \/><\/a><p id=\"caption-attachment-13022\" class=\"wp-caption-text\"><\/span> <span style=\"color: #000000;\">Alunos do Curso de Associativismo e cooperativismo.<\/span><\/p><\/div>\n<p class=\"m_-2816197810739201212MsoNoSpacing\"><span style=\"color: #000000;\">\u201cPara mim, a import\u00e2ncia desse curso \u00e9 a da regulariza\u00e7\u00e3o das comunidades, de poder captar recursos, de poder cuidar da nossa associa\u00e7\u00e3o e da nossa comunidade. N\u00e3o deixar de ter uma vis\u00e3o social\u201d, refor\u00e7a Paulo Roberto, morador da comunidade Emba\u00faba, em Santa Cruz Cabr\u00e1lia, e participante do curso de Associativismo e Cooperativismo.<u><\/u><u><\/u><\/span><\/p>\n<div id=\"attachment_13023\" style=\"width: 710px\" class=\"wp-caption aligncenter\"><a style=\"color: #000000;\" href=\"http:\/\/www.maisbn.com\/portal\/wp-content\/uploads\/2016\/11\/Participantes-de-uma-das-turmas-do-curso-de-Desenvolvimento-Comunit\u00e1rio-e1479489653535.jpg\"><img loading=\"lazy\" decoding=\"async\" aria-describedby=\"caption-attachment-13023\" class=\"size-full wp-image-13023\" src=\"http:\/\/www.maisbn.com\/portal\/wp-content\/uploads\/2016\/11\/Participantes-de-uma-das-turmas-do-curso-de-Desenvolvimento-Comunit\u00e1rio-e1479489653535.jpg\" alt=\"participantes-de-uma-das-turmas-do-curso-de-desenvolvimento-comunitario\" width=\"700\" height=\"525\" \/><\/a><p id=\"caption-attachment-13023\" class=\"wp-caption-text\"><\/span> <span style=\"color: #000000;\">Participantes de uma das turmas do curso de Desenvolvimento Comunit\u00e1rio<\/span><\/p><\/div>\n<p class=\"m_-2816197810739201212MsoNoSpacing\"><span style=\"color: #000000;\">Em 2017, os cursos ser\u00e3o oferecidos para as comunidades rurais ainda n\u00e3o atendidas e a\u00e7\u00f5es de fortalecimento e regulariza\u00e7\u00e3o das associa\u00e7\u00f5es ser\u00e3o continuadas. \u201cNosso principal objetivo \u00e9 desenvolver pessoas e institui\u00e7\u00f5es que possam interagir e contribuir positivamente em cada uma das localidades. Queremos promover a\u00e7\u00f5es desenvolvimentistas, minimizar as protecionistas e fortalecer o territ\u00f3rio. Afinal, n\u00e3o existem neg\u00f3cios sustent\u00e1veis em ambientes fragilizados\u201d, complementa Bianchi.<u><\/u><u><\/u><\/span><\/p>\n<p class=\"m_-2816197810739201212MsoNoSpacing\"><span style=\"color: #000000;\">\u00a0<b>F\u00f3rum de protagonismo juvenil:\u00a0 <\/b>No dia 15 de dezembro, \u00e0s 9h, na Universidade Federal do Sul da Bahia (UFSB), ser\u00e1 realizado o <u>1\u00ba F\u00f3rum de Protagonismo Social Juvenil do Sul da Bahia<\/u>. O evento tem como objetivo compartilhar informa\u00e7\u00f5es, conhecimento e pr\u00e1ticas das comunidades da regi\u00e3o Sul da Bahia voltadas ao protagonismo social juvenil e empoderamento comunit\u00e1rio. A programa\u00e7\u00e3o inclui apresenta\u00e7\u00f5es culturais, palestras e rodas de di\u00e1logo, apresenta\u00e7\u00e3o de iniciativas e empreendimento sociais de sucesso, exposi\u00e7\u00e3o de ideias e projetos criativos e sustent\u00e1veis e lan\u00e7amento da rede colaborativa em desenvolvimento.<\/span><\/p>\n","protected":false},"excerpt":{"rendered":"<p>Fortalecer as comunidades e contribuir para o desenvolvimento do territ\u00f3rio. Com estes objetivos, a Veracel Celulose e a ONG Instituto M\u00e3e Terra conclu\u00edram a forma\u00e7\u00e3o de mais uma turma dos cursos de Agentes de Desenvolvimento Comunit\u00e1rio, e Associativismo e Cooperativismo. Os cursos fazem parte das estrat\u00e9gias de promo\u00e7\u00e3o do protagonismo socioecon\u00f4mico estimulado pela Veracel e [&hellip;]<\/p>\n","protected":false},"author":7,"featured_media":13021,"comment_status":"open","ping_status":"open","sticky":false,"template":"","format":"standard","meta":{"footnotes":""},"categories":[29,1],"tags":[108],"class_list":["post-13019","post","type-post","status-publish","format-standard","has-post-thumbnail","hentry","category-empreendimentos","category-noticias","tag-belmonte"],"_links":{"self":[{"href":"https:\/\/www.maisbn.com\/portal\/wp-json\/wp\/v2\/posts\/13019","targetHints":{"allow":["GET"]}}],"collection":[{"href":"https:\/\/www.maisbn.com\/portal\/wp-json\/wp\/v2\/posts"}],"about":[{"href":"https:\/\/www.maisbn.com\/portal\/wp-json\/wp\/v2\/types\/post"}],"author":[{"embeddable":true,"href":"https:\/\/www.maisbn.com\/portal\/wp-json\/wp\/v2\/users\/7"}],"replies":[{"embeddable":true,"href":"https:\/\/www.maisbn.com\/portal\/wp-json\/wp\/v2\/comments?post=13019"}],"version-history":[{"count":1,"href":"https:\/\/www.maisbn.com\/portal\/wp-json\/wp\/v2\/posts\/13019\/revisions"}],"predecessor-version":[{"id":13024,"href":"https:\/\/www.maisbn.com\/portal\/wp-json\/wp\/v2\/posts\/13019\/revisions\/13024"}],"wp:featuredmedia":[{"embeddable":true,"href":"https:\/\/www.maisbn.com\/portal\/wp-json\/wp\/v2\/media\/13021"}],"wp:attachment":[{"href":"https:\/\/www.maisbn.com\/portal\/wp-json\/wp\/v2\/media?parent=13019"}],"wp:term":[{"taxonomy":"category","embeddable":true,"href":"https:\/\/www.maisbn.com\/portal\/wp-json\/wp\/v2\/categories?post=13019"},{"taxonomy":"post_tag","embeddable":true,"href":"https:\/\/www.maisbn.com\/portal\/wp-json\/wp\/v2\/tags?post=13019"}],"curies":[{"name":"wp","href":"https:\/\/api.w.org\/{rel}","templated":true}]}}