{"id":13014,"date":"2016-11-18T14:07:41","date_gmt":"2016-11-18T17:07:41","guid":{"rendered":"http:\/\/www.maisbn.com\/portal\/?p=13014"},"modified":"2016-11-18T14:07:41","modified_gmt":"2016-11-18T17:07:41","slug":"audiencia-publica-e-realizada-para-tratar-da-situacao-das-barracas-de-praia-de-porto-seguro","status":"publish","type":"post","link":"https:\/\/www.maisbn.com\/portal\/2016\/11\/audiencia-publica-e-realizada-para-tratar-da-situacao-das-barracas-de-praia-de-porto-seguro\/","title":{"rendered":"Audi\u00eancia P\u00fablica \u00e9 realizada para tratar da situa\u00e7\u00e3o das Barracas de Praia de Porto Seguro."},"content":{"rendered":"<p><span style=\"color: #000000;\">Sob a presid\u00eancia do MM Juiz Dr. Alex Schirann, do procurador da rep\u00fablica Dr. Marcos Andr\u00e9, realizou-se no audit\u00f3rio da C\u00e2mara Municipal de Eun\u00e1polis a audi\u00eancia p\u00fablica para que seja resolvida a quest\u00e3o das barracas de praia de Porto Seguro que est\u00e3o instaladas em \u00e1reas da uni\u00e3o cuja a posse pertence a Marinha do Brasil.<\/span><\/p>\n<p><a href=\"http:\/\/www.maisbn.com\/portal\/wp-content\/uploads\/2016\/11\/IMG_9151-1.jpg\"><img loading=\"lazy\" decoding=\"async\" class=\"aligncenter size-full wp-image-13015\" src=\"http:\/\/www.maisbn.com\/portal\/wp-content\/uploads\/2016\/11\/IMG_9151-1.jpg\" alt=\"img_9151-1\" width=\"700\" height=\"467\" \/><\/a><\/p>\n<p><span style=\"color: #000000;\">A uni\u00e3o pediu a retirada das barracas que invadiram as praias, impedindo que os nativos, usassem as mesmas, sendo que muitas barracas, segundo informa\u00e7\u00f5es, transformaram a propriedade do governo e do povo, em propriedade particular de alguns hot\u00e9is ao longo da orla e, como em Salvador, algumas barracas foram retiradas, a procuradoria da uni\u00e3o pediu que em Porto Seguro o mesmo comportamento teria de ser tomado.<\/span><\/p>\n<p><span style=\"color: #000000;\">Os donos de barracas agiram rapidamente, constitu\u00edram advogados e, estes em defesas de seus clientes, buscaram resolver dentro da lei toda essa situa\u00e7\u00e3o. Muitas a\u00e7\u00f5es j\u00e1 foram feitas, TAC\u2019s assinados e agora novas situa\u00e7\u00f5es foram criadas para que tudo se resolva tranquilamente.<\/span><\/p>\n<p><a href=\"http:\/\/www.maisbn.com\/portal\/wp-content\/uploads\/2016\/11\/IMG_9152.jpg\"><img loading=\"lazy\" decoding=\"async\" class=\"aligncenter size-full wp-image-13016\" src=\"http:\/\/www.maisbn.com\/portal\/wp-content\/uploads\/2016\/11\/IMG_9152.jpg\" alt=\"img_9152\" width=\"700\" height=\"467\" \/><\/a><\/p>\n<p><span style=\"color: #000000;\">Algumas barracas foram instaladas em \u00e1reas da marinha e outras em \u00e1reas do munic\u00edpio, mas todas elas dever\u00e3o adotar as mediadas exigidas como uma adequa\u00e7\u00e3o formal e horizontalizada tais como utiliza\u00e7\u00e3o de apenas 20% da \u00e1rea e com apenas 5 metros de altura, academia de gin\u00e1stica popular, acesso a idosos e deficientes, direito popular de todos utilizarem o espa\u00e7o, ciclovias, tudo isto dentro do \u201cProjeto Orla\u201d.<\/span><\/p>\n<p><span style=\"color: #000000;\">Dr. Alex informou que s\u00e3o muitos processos individuais a serem julgados e que, se fossem tratados individualmente, levariam muito tempo para serem julgados. Diante desse fato, achou-se melhor fazer uma audi\u00eancia coletiva, j\u00e1 que, todos tratam da mesma situa\u00e7\u00e3o.<\/span><\/p>\n<p><a href=\"http:\/\/www.maisbn.com\/portal\/wp-content\/uploads\/2016\/11\/IMG_9150.jpg\"><img loading=\"lazy\" decoding=\"async\" class=\"aligncenter size-full wp-image-13017\" src=\"http:\/\/www.maisbn.com\/portal\/wp-content\/uploads\/2016\/11\/IMG_9150.jpg\" alt=\"img_9150\" width=\"700\" height=\"467\" \/><\/a><\/p>\n<p><span style=\"color: #000000;\">Para tanto, estiveram presentes os donos de barracas, seus respectivos advogados, representantes do munic\u00edpio de Porto Seguro, do IPHAN, SPU e IBAMA e cada entidade presente exigiu que as determina\u00e7\u00f5es fossem cumpridas. O prazo para apresenta\u00e7\u00f5es de projetos e adequa\u00e7\u00f5es ficou fixado em 45 dias e, para quem n\u00e3o aceitar a adequa\u00e7\u00e3o, ent\u00e3o a remo\u00e7\u00e3o da barraca ser\u00e1 inevit\u00e1vel.<\/span><\/p>\n<p><span style=\"color: #808080;\"><em>Informa\u00e7\u00f5es e fotos: Rota 51<\/em><\/span><\/p>\n","protected":false},"excerpt":{"rendered":"<p>Sob a presid\u00eancia do MM Juiz Dr. Alex Schirann, do procurador da rep\u00fablica Dr. Marcos Andr\u00e9, realizou-se no audit\u00f3rio da C\u00e2mara Municipal de Eun\u00e1polis a audi\u00eancia p\u00fablica para que seja resolvida a quest\u00e3o das barracas de praia de Porto Seguro que est\u00e3o instaladas em \u00e1reas da uni\u00e3o cuja a posse pertence a Marinha do Brasil. [&hellip;]<\/p>\n","protected":false},"author":7,"featured_media":13017,"comment_status":"open","ping_status":"open","sticky":false,"template":"","format":"standard","meta":{"footnotes":""},"categories":[99,1],"tags":[108],"class_list":["post-13014","post","type-post","status-publish","format-standard","has-post-thumbnail","hentry","category-justica","category-noticias","tag-belmonte"],"_links":{"self":[{"href":"https:\/\/www.maisbn.com\/portal\/wp-json\/wp\/v2\/posts\/13014","targetHints":{"allow":["GET"]}}],"collection":[{"href":"https:\/\/www.maisbn.com\/portal\/wp-json\/wp\/v2\/posts"}],"about":[{"href":"https:\/\/www.maisbn.com\/portal\/wp-json\/wp\/v2\/types\/post"}],"author":[{"embeddable":true,"href":"https:\/\/www.maisbn.com\/portal\/wp-json\/wp\/v2\/users\/7"}],"replies":[{"embeddable":true,"href":"https:\/\/www.maisbn.com\/portal\/wp-json\/wp\/v2\/comments?post=13014"}],"version-history":[{"count":1,"href":"https:\/\/www.maisbn.com\/portal\/wp-json\/wp\/v2\/posts\/13014\/revisions"}],"predecessor-version":[{"id":13018,"href":"https:\/\/www.maisbn.com\/portal\/wp-json\/wp\/v2\/posts\/13014\/revisions\/13018"}],"wp:featuredmedia":[{"embeddable":true,"href":"https:\/\/www.maisbn.com\/portal\/wp-json\/wp\/v2\/media\/13017"}],"wp:attachment":[{"href":"https:\/\/www.maisbn.com\/portal\/wp-json\/wp\/v2\/media?parent=13014"}],"wp:term":[{"taxonomy":"category","embeddable":true,"href":"https:\/\/www.maisbn.com\/portal\/wp-json\/wp\/v2\/categories?post=13014"},{"taxonomy":"post_tag","embeddable":true,"href":"https:\/\/www.maisbn.com\/portal\/wp-json\/wp\/v2\/tags?post=13014"}],"curies":[{"name":"wp","href":"https:\/\/api.w.org\/{rel}","templated":true}]}}