{"id":12983,"date":"2016-11-16T11:10:36","date_gmt":"2016-11-16T14:10:36","guid":{"rendered":"http:\/\/www.maisbn.com\/portal\/?p=12983"},"modified":"2016-11-16T11:31:49","modified_gmt":"2016-11-16T14:31:49","slug":"prefeitura-se-pronuncia-sobre-a-quebra-da-lateral-de-vidro-do-posto-de-saude-da-ponta-de-areia","status":"publish","type":"post","link":"https:\/\/www.maisbn.com\/portal\/2016\/11\/prefeitura-se-pronuncia-sobre-a-quebra-da-lateral-de-vidro-do-posto-de-saude-da-ponta-de-areia\/","title":{"rendered":"Prefeitura se pronuncia sobre a quebra da lateral de vidro do Posto de Sa\u00fade da Ponta de Areia."},"content":{"rendered":"<p><span style=\"color: #000000;\">O Posto de Sa\u00fade da Ponta de Areia teve a sua lateral construida em vidro quebrada e as pessoas estavam comentando nas redes sociais horrorizadas pelo ato de vandalismo. As informa\u00e7\u00f5es dadas pelo Policial Civil e futuro vereador Alfredo Abecerb em uma rede social foi que o fato aconteceu por culpa da atual gestora que teria demitido os vigias que tomavam conta da unidade. O futuro vereador ainda acusou a Prefeita Alice Britto de incompet\u00eancia e disse estar feliz de n\u00e3o ter o desprazer de encontra-la na administra\u00e7\u00e3o do munic\u00edpio em 2017.<br \/>\n<\/span><\/p>\n<div id=\"attachment_12990\" style=\"width: 513px\" class=\"wp-caption aligncenter\"><a href=\"http:\/\/www.maisbn.com\/portal\/wp-content\/uploads\/2016\/11\/postagem_alfredo.jpg\"><img loading=\"lazy\" decoding=\"async\" aria-describedby=\"caption-attachment-12990\" class=\"wp-image-12990 size-full\" src=\"http:\/\/www.maisbn.com\/portal\/wp-content\/uploads\/2016\/11\/postagem_alfredo.jpg\" alt=\"postagem_alfredo\" width=\"503\" height=\"560\" \/><\/a><p id=\"caption-attachment-12990\" class=\"wp-caption-text\">Den\u00fancia do futuro Vereador Alfredo Abecerb em uma rede social.<\/p><\/div>\n<p><span style=\"color: #000000;\">Na manh\u00e3 dessa quarta-feira (16\/11) nossa equipe entrou em contato com a Secretaria Municipal de Sa\u00fade. O \u00f3rg\u00e3o informou que fez uma apura\u00e7\u00e3o e recebeu a informa\u00e7\u00e3o de que n\u00e3o foram v\u00e2ndalos que quebraram os vidros, e sim, uma bola que veio do Campo do Lilit\u00e3o e atingiu a unidade. A Secretaria ainda informou que existiam redes de prote\u00e7\u00e3o que protegiam o Posto durante as partidas de futebol, mas essas foram roubadas.<\/span><\/p>\n<p><span style=\"color: #000000;\"><a style=\"color: #000000;\" href=\"http:\/\/www.maisbn.com\/portal\/wp-content\/uploads\/2016\/11\/15094896_1218447748230171_5958121835467551755_n.jpg\"><img loading=\"lazy\" decoding=\"async\" class=\"aligncenter size-full wp-image-12985\" src=\"http:\/\/www.maisbn.com\/portal\/wp-content\/uploads\/2016\/11\/15094896_1218447748230171_5958121835467551755_n.jpg\" alt=\"15094896_1218447748230171_5958121835467551755_n\" width=\"540\" height=\"415\" \/><\/a><\/span><\/p>\n<p><span style=\"color: #000000;\">A Secretaria Municipal de Sa\u00fade de Belmonte desmentiu tamb\u00e9m os boatos de que o Posto estaria fora de funcionamento. Wadla Cassiano, Secret\u00e1ria de Sa\u00fade, informou \u00e0 nossa reportagem que o Posto de Sa\u00fade da Ponta de Areia continua funcionando normalmente e atendendo a popula\u00e7\u00e3o. A mesma ainda informou que n\u00e3o houve demiss\u00e3o do vigia do local, at\u00e9 porque, o mesmo \u00e9 um funcion\u00e1rio efetivo. &#8220;O \u00fanico Posto de Sa\u00fade que est\u00e1 fechado \u00e9 o do Bairro Bom Jardim por problemas na estrutura do pr\u00e9dio que era alugado. Os agentes de Sa\u00fade est\u00e3o direcionando os pacientes do local para outras unidades at\u00e9 que seja resolvida a situa\u00e7\u00e3o, mas o atendimento de sa\u00fade n\u00e3o foi comprometido.&#8221; &#8211; Comentou a titular da pasta.<\/span><\/p>\n<p><span style=\"color: #000000;\"><a style=\"color: #000000;\" href=\"http:\/\/www.maisbn.com\/portal\/wp-content\/uploads\/2016\/11\/15107289_1218448391563440_942489917715912857_n.jpg\"><img loading=\"lazy\" decoding=\"async\" class=\"aligncenter wp-image-12987 size-full\" src=\"http:\/\/www.maisbn.com\/portal\/wp-content\/uploads\/2016\/11\/15107289_1218448391563440_942489917715912857_n.jpg\" alt=\"\" width=\"540\" height=\"440\" \/><\/a><\/span><\/p>\n<p><span style=\"color: #000000;\">A Prefeitura Municipal de Belmonte informou \u00e0 nossa reportagem que as medidas est\u00e3o sendo tomadas para que as avarias sejam sanadas e que as redes de prote\u00e7\u00e3o ser\u00e3o recolocadas para que n\u00e3o haja mais transtornos.<\/span><\/p>\n","protected":false},"excerpt":{"rendered":"<p>O Posto de Sa\u00fade da Ponta de Areia teve a sua lateral construida em vidro quebrada e as pessoas estavam comentando nas redes sociais horrorizadas pelo ato de vandalismo. As informa\u00e7\u00f5es dadas pelo Policial Civil e futuro vereador Alfredo Abecerb em uma rede social foi que o fato aconteceu por culpa da atual gestora que [&hellip;]<\/p>\n","protected":false},"author":7,"featured_media":12985,"comment_status":"open","ping_status":"open","sticky":false,"template":"","format":"standard","meta":{"footnotes":""},"categories":[1,7],"tags":[108],"class_list":["post-12983","post","type-post","status-publish","format-standard","has-post-thumbnail","hentry","category-noticias","category-politica","tag-belmonte"],"_links":{"self":[{"href":"https:\/\/www.maisbn.com\/portal\/wp-json\/wp\/v2\/posts\/12983","targetHints":{"allow":["GET"]}}],"collection":[{"href":"https:\/\/www.maisbn.com\/portal\/wp-json\/wp\/v2\/posts"}],"about":[{"href":"https:\/\/www.maisbn.com\/portal\/wp-json\/wp\/v2\/types\/post"}],"author":[{"embeddable":true,"href":"https:\/\/www.maisbn.com\/portal\/wp-json\/wp\/v2\/users\/7"}],"replies":[{"embeddable":true,"href":"https:\/\/www.maisbn.com\/portal\/wp-json\/wp\/v2\/comments?post=12983"}],"version-history":[{"count":4,"href":"https:\/\/www.maisbn.com\/portal\/wp-json\/wp\/v2\/posts\/12983\/revisions"}],"predecessor-version":[{"id":12992,"href":"https:\/\/www.maisbn.com\/portal\/wp-json\/wp\/v2\/posts\/12983\/revisions\/12992"}],"wp:featuredmedia":[{"embeddable":true,"href":"https:\/\/www.maisbn.com\/portal\/wp-json\/wp\/v2\/media\/12985"}],"wp:attachment":[{"href":"https:\/\/www.maisbn.com\/portal\/wp-json\/wp\/v2\/media?parent=12983"}],"wp:term":[{"taxonomy":"category","embeddable":true,"href":"https:\/\/www.maisbn.com\/portal\/wp-json\/wp\/v2\/categories?post=12983"},{"taxonomy":"post_tag","embeddable":true,"href":"https:\/\/www.maisbn.com\/portal\/wp-json\/wp\/v2\/tags?post=12983"}],"curies":[{"name":"wp","href":"https:\/\/api.w.org\/{rel}","templated":true}]}}