{"id":12977,"date":"2016-11-15T07:45:44","date_gmt":"2016-11-15T10:45:44","guid":{"rendered":"http:\/\/www.maisbn.com\/portal\/?p=12977"},"modified":"2016-11-15T07:45:44","modified_gmt":"2016-11-15T10:45:44","slug":"ii-exame-de-faixa-dos-alunos-da-academia-ao-combate-e-marcado-por-grande-evento","status":"publish","type":"post","link":"https:\/\/www.maisbn.com\/portal\/2016\/11\/ii-exame-de-faixa-dos-alunos-da-academia-ao-combate-e-marcado-por-grande-evento\/","title":{"rendered":"II Exame de Faixa dos alunos da Academia Ao Combate \u00e9 marcado por grande evento."},"content":{"rendered":"<p><span style=\"color: #000000;\">Aconteceu na \u00faltima sexta-feira (12\/11), na sede da Associa\u00e7\u00e3o Zumbi dos Palmares um grande evento esportivo. Estamos falando do II Exame de Faixa dos alunos de Jiu-j\u00edtsu da Academia Ao Combate. O evento foi organizado pelo Professor Hermes Andrade que \u00e9 Faixa Marron 3\u00ba Grau da Academia Ao Combate. Ainda esteve presente o Professor F\u00e1bio Costa que \u00e9 campe\u00e3o mundial e Faixa Preta 3\u00ba Grau da Academia Carranca Team.<\/span><\/p>\n<p><a href=\"http:\/\/www.maisbn.com\/portal\/wp-content\/uploads\/2016\/11\/juijitsu_00002.jpg\"><img loading=\"lazy\" decoding=\"async\" class=\"aligncenter size-full wp-image-12978\" src=\"http:\/\/www.maisbn.com\/portal\/wp-content\/uploads\/2016\/11\/juijitsu_00002.jpg\" alt=\"juijitsu_00002\" width=\"650\" height=\"412\" \/><\/a><\/p>\n<p><span style=\"color: #000000;\">Realizado \u00e0s 15:00Hrs, o evento ainda recebeu integrantes de v\u00e1rias academias da regi\u00e3o. Esse foi um momento muito importante para o esporte belmontense, j\u00e1 que, o Jiu Jiu-j\u00edtsu tem conseguido \u00f3timos resultados em diversas competi\u00e7\u00f5es importantes. &#8220;N\u00f3s estamos conseguindo fazer um belo trabalho com esses jovens, ensinando a eles a amar o esporte e a ter disciplina. Estamos conseguindo trazer uma nova realidade e tirando os mesmos dos caminhos do aliciamento das drogas.&#8221; &#8211; Comentou o Professor Hermes.<\/span><\/p>\n<p><a href=\"http:\/\/www.maisbn.com\/portal\/wp-content\/uploads\/2016\/11\/juijitsu_00027.jpg\"><img loading=\"lazy\" decoding=\"async\" class=\"aligncenter size-full wp-image-12979\" src=\"http:\/\/www.maisbn.com\/portal\/wp-content\/uploads\/2016\/11\/juijitsu_00027.jpg\" alt=\"juijitsu_00027\" width=\"650\" height=\"412\" \/><\/a><\/p>\n<p><span style=\"color: #000000;\">O evento foi um sucesso e contou com o apoio da Prefeitura Municipal de Belmonte atrav\u00e9s da Secretaria Municipal de Esporte e da Secretaria de Educa\u00e7\u00e3o e dos patroc\u00ednios do Posto Riomar, Academia Papau Fitness, A\u00e7ougue Bom Pre\u00e7o, Auto Escola Cabr\u00e1lia, Tatu Tem de Tudo, Amigo Luluca, Farm\u00e1cia Virg\u00ednia, Pratique Sa\u00fade, L\u00e9o Bike, Lunna Hortifr\u00fati, A\u00e7a\u00ed show, JC Disk \u00c1gua, Consult\u00f3rio Odontol\u00f3gico. Dr. Rodrigo Paternostro, Novo Point da Cerveja, Ronaldo do G\u00e1s, Laborat\u00f3rio S\u00e3o Lucas, Loj\u00e3o do 10, Frutatlan, Vit\u00f3ria Surf Wear, Distribuidora de Bebidas S\u00e3o Jorge. Os organizadores ainda agradeceram \u00e0 Equipe de Bombeiros Civis de Belmonte e \u00e0s Escolas Dr. Jos\u00e9 Teixeira de Freitas e Licia Maria Paternostro.<\/span><\/p>\n<p>&nbsp;<\/p>\n","protected":false},"excerpt":{"rendered":"<p>Aconteceu na \u00faltima sexta-feira (12\/11), na sede da Associa\u00e7\u00e3o Zumbi dos Palmares um grande evento esportivo. Estamos falando do II Exame de Faixa dos alunos de Jiu-j\u00edtsu da Academia Ao Combate. O evento foi organizado pelo Professor Hermes Andrade que \u00e9 Faixa Marron 3\u00ba Grau da Academia Ao Combate. Ainda esteve presente o Professor F\u00e1bio [&hellip;]<\/p>\n","protected":false},"author":7,"featured_media":12978,"comment_status":"open","ping_status":"open","sticky":false,"template":"","format":"standard","meta":{"footnotes":""},"categories":[10,1],"tags":[108],"class_list":["post-12977","post","type-post","status-publish","format-standard","has-post-thumbnail","hentry","category-esporte","category-noticias","tag-belmonte"],"_links":{"self":[{"href":"https:\/\/www.maisbn.com\/portal\/wp-json\/wp\/v2\/posts\/12977","targetHints":{"allow":["GET"]}}],"collection":[{"href":"https:\/\/www.maisbn.com\/portal\/wp-json\/wp\/v2\/posts"}],"about":[{"href":"https:\/\/www.maisbn.com\/portal\/wp-json\/wp\/v2\/types\/post"}],"author":[{"embeddable":true,"href":"https:\/\/www.maisbn.com\/portal\/wp-json\/wp\/v2\/users\/7"}],"replies":[{"embeddable":true,"href":"https:\/\/www.maisbn.com\/portal\/wp-json\/wp\/v2\/comments?post=12977"}],"version-history":[{"count":1,"href":"https:\/\/www.maisbn.com\/portal\/wp-json\/wp\/v2\/posts\/12977\/revisions"}],"predecessor-version":[{"id":12980,"href":"https:\/\/www.maisbn.com\/portal\/wp-json\/wp\/v2\/posts\/12977\/revisions\/12980"}],"wp:featuredmedia":[{"embeddable":true,"href":"https:\/\/www.maisbn.com\/portal\/wp-json\/wp\/v2\/media\/12978"}],"wp:attachment":[{"href":"https:\/\/www.maisbn.com\/portal\/wp-json\/wp\/v2\/media?parent=12977"}],"wp:term":[{"taxonomy":"category","embeddable":true,"href":"https:\/\/www.maisbn.com\/portal\/wp-json\/wp\/v2\/categories?post=12977"},{"taxonomy":"post_tag","embeddable":true,"href":"https:\/\/www.maisbn.com\/portal\/wp-json\/wp\/v2\/tags?post=12977"}],"curies":[{"name":"wp","href":"https:\/\/api.w.org\/{rel}","templated":true}]}}