{"id":12943,"date":"2016-11-11T10:19:43","date_gmt":"2016-11-11T13:19:43","guid":{"rendered":"http:\/\/www.maisbn.com\/portal\/?p=12943"},"modified":"2016-11-11T10:19:43","modified_gmt":"2016-11-11T13:19:43","slug":"festa-da-vitoria-de-janio-e-janival-comeca-nessa-sexta-feira-em-barrolandia","status":"publish","type":"post","link":"https:\/\/www.maisbn.com\/portal\/2016\/11\/festa-da-vitoria-de-janio-e-janival-comeca-nessa-sexta-feira-em-barrolandia\/","title":{"rendered":"Festa da vit\u00f3ria de J\u00e2nio e Janival come\u00e7a nessa sexta-feira em Barrol\u00e2ndia."},"content":{"rendered":"<p><span style=\"color: #000000;\"><a style=\"color: #000000;\" href=\"http:\/\/www.maisbn.com\/portal\/wp-content\/uploads\/2016\/10\/14914739_10202482825548723_814673847_n.jpg\"><img loading=\"lazy\" decoding=\"async\" class=\"aligncenter size-full wp-image-12843\" src=\"http:\/\/www.maisbn.com\/portal\/wp-content\/uploads\/2016\/10\/14914739_10202482825548723_814673847_n.jpg\" alt=\"14914739_10202482825548723_814673847_n\" width=\"453\" height=\"640\" \/><\/a><\/span><\/p>\n<p><span style=\"color: #000000;\">Come\u00e7a nessa sexta-feira (11\/11) a maratona de eventos para comemorar a vit\u00f3ria do deputado J\u00e2nio Natal e seu irm\u00e3o Janival nas \u00faltimas elei\u00e7\u00f5es municipais. A organiza\u00e7\u00e3o do evento comentou que v\u00e1rias lideran\u00e7as regionais dever\u00e3o comparecer nesse primeiro dia de evento que acontecer\u00e1 no Distrito de Barrol\u00e2ndia.<\/span><\/p>\n<p><a href=\"http:\/\/www.maisbn.com\/portal\/wp-content\/uploads\/2016\/11\/camisa-festas00001.jpg\"><img loading=\"lazy\" decoding=\"async\" class=\"aligncenter size-full wp-image-12944\" src=\"http:\/\/www.maisbn.com\/portal\/wp-content\/uploads\/2016\/11\/camisa-festas00001.jpg\" alt=\"camisa-festas00001\" width=\"642\" height=\"412\" \/><\/a><\/p>\n<p><span style=\"color: #000000;\">Um grupo de correligion\u00e1rios do Deputado j\u00e1 mandaram fazer camisas com o tema &#8220;Marreta do 19&#8221; em homenagem ao hit que embalou as comemora\u00e7\u00f5es no dia em que saiu o resultado das urnas. &#8220;N\u00e3o queremos provocar ningu\u00e9m. S\u00f3 queremos comemorar e curtir as festa da nossa vit\u00f3ria. Em janeiro J\u00e2nio Natal ser\u00e1 prefeito de todos e n\u00e3o h\u00e1 motivos para brigas.&#8221; &#8211; Comentou um dos correligion\u00e1rios que j\u00e1 mandou fazer sua camisa.<\/span><\/p>\n<p><a href=\"http:\/\/www.maisbn.com\/portal\/wp-content\/uploads\/2016\/11\/camisa-festas300001.jpg\"><img loading=\"lazy\" decoding=\"async\" class=\"aligncenter size-full wp-image-12945\" src=\"http:\/\/www.maisbn.com\/portal\/wp-content\/uploads\/2016\/11\/camisa-festas300001.jpg\" alt=\"camisa-festas300001\" width=\"642\" height=\"412\" \/><\/a><\/p>\n<p><span style=\"color: #000000;\">Nossa equipe conversou com o vice-prefeito Janival Andrade que se mostrou muito feliz e disposto a curtir os tr\u00eas dias de festa. Janival comentou com nossa equipe que a gest\u00e3o de J\u00e2nio e Janival buscar\u00e1 prioritariamente o desenvolvimento para o munic\u00edpio. &#8220;N\u00f3s lutaremos para que empres\u00e1rios venham investir em Belmonte e gerar empregos para o nosso povo. O meu maior desejo \u00e9 ver o belmontense livre das amarras dos contratos de Prefeitura e da humilha\u00e7\u00e3o de serem comprados por migalhas na \u00e9poca das elei\u00e7\u00f5es.&#8221;<\/span><\/p>\n<p><span style=\"color: #000000;\">O Deputado Estadual J\u00e2nio Natal tamb\u00e9m confirmou sua presen\u00e7a na festa, mas nossa equipe n\u00e3o conseguiu contato com o mesmo. <\/span><\/p>\n","protected":false},"excerpt":{"rendered":"<p>Come\u00e7a nessa sexta-feira (11\/11) a maratona de eventos para comemorar a vit\u00f3ria do deputado J\u00e2nio Natal e seu irm\u00e3o Janival nas \u00faltimas elei\u00e7\u00f5es municipais. A organiza\u00e7\u00e3o do evento comentou que v\u00e1rias lideran\u00e7as regionais dever\u00e3o comparecer nesse primeiro dia de evento que acontecer\u00e1 no Distrito de Barrol\u00e2ndia. Um grupo de correligion\u00e1rios do Deputado j\u00e1 mandaram fazer [&hellip;]<\/p>\n","protected":false},"author":7,"featured_media":12615,"comment_status":"open","ping_status":"open","sticky":false,"template":"","format":"standard","meta":{"footnotes":""},"categories":[1,7],"tags":[108],"class_list":["post-12943","post","type-post","status-publish","format-standard","has-post-thumbnail","hentry","category-noticias","category-politica","tag-belmonte"],"_links":{"self":[{"href":"https:\/\/www.maisbn.com\/portal\/wp-json\/wp\/v2\/posts\/12943","targetHints":{"allow":["GET"]}}],"collection":[{"href":"https:\/\/www.maisbn.com\/portal\/wp-json\/wp\/v2\/posts"}],"about":[{"href":"https:\/\/www.maisbn.com\/portal\/wp-json\/wp\/v2\/types\/post"}],"author":[{"embeddable":true,"href":"https:\/\/www.maisbn.com\/portal\/wp-json\/wp\/v2\/users\/7"}],"replies":[{"embeddable":true,"href":"https:\/\/www.maisbn.com\/portal\/wp-json\/wp\/v2\/comments?post=12943"}],"version-history":[{"count":1,"href":"https:\/\/www.maisbn.com\/portal\/wp-json\/wp\/v2\/posts\/12943\/revisions"}],"predecessor-version":[{"id":12946,"href":"https:\/\/www.maisbn.com\/portal\/wp-json\/wp\/v2\/posts\/12943\/revisions\/12946"}],"wp:featuredmedia":[{"embeddable":true,"href":"https:\/\/www.maisbn.com\/portal\/wp-json\/wp\/v2\/media\/12615"}],"wp:attachment":[{"href":"https:\/\/www.maisbn.com\/portal\/wp-json\/wp\/v2\/media?parent=12943"}],"wp:term":[{"taxonomy":"category","embeddable":true,"href":"https:\/\/www.maisbn.com\/portal\/wp-json\/wp\/v2\/categories?post=12943"},{"taxonomy":"post_tag","embeddable":true,"href":"https:\/\/www.maisbn.com\/portal\/wp-json\/wp\/v2\/tags?post=12943"}],"curies":[{"name":"wp","href":"https:\/\/api.w.org\/{rel}","templated":true}]}}