{"id":12925,"date":"2016-11-10T13:30:19","date_gmt":"2016-11-10T16:30:19","guid":{"rendered":"http:\/\/www.maisbn.com\/portal\/?p=12925"},"modified":"2016-11-10T13:30:19","modified_gmt":"2016-11-10T16:30:19","slug":"veracel-celulose-registra-melhores-indices-em-seguranca-no-trabalho","status":"publish","type":"post","link":"https:\/\/www.maisbn.com\/portal\/2016\/11\/veracel-celulose-registra-melhores-indices-em-seguranca-no-trabalho\/","title":{"rendered":"Veracel Celulose registra melhores \u00edndices em seguran\u00e7a no trabalho."},"content":{"rendered":"<p><span style=\"color: #000000;\">Considerado o melhor resultado do ano, nos meses de maio a outubro os \u00edndices da Veracel e das empresas parceiras permanentes que fazem parte do seu neg\u00f3cio registraram zero acidente com perda de tempo (CPT). Isso significa que mais de tr\u00eas mil colaboradores est\u00e3o trabalhando diariamente de forma segura e consciente, sem se envolver em acidentes com afastamento. De acordo com o coordenador de Seguran\u00e7a do Trabalho da Veracel, S\u00e9rgio Monteiro, essa conquista \u00e9 fruto de um trabalho que vem sendo realizado ao longo dos anos e foi intensificado e resignificado em 2016. \u201cJ\u00e1 existia um trabalho muito forte nesse sentido, o que demos foi um tempero a mais nesse processo\u201d, conta o coordenador.<\/span><\/p>\n<p><a href=\"http:\/\/www.maisbn.com\/portal\/wp-content\/uploads\/2016\/11\/veracel_trabalho00002.jpg\"><img loading=\"lazy\" decoding=\"async\" class=\"aligncenter size-full wp-image-12926\" src=\"http:\/\/www.maisbn.com\/portal\/wp-content\/uploads\/2016\/11\/veracel_trabalho00002.jpg\" alt=\"veracel_trabalho00002\" width=\"642\" height=\"412\" \/><\/a><\/p>\n<p><span style=\"color: #000000;\">O maior envolvimento e comprometimento de todos e a intensifica\u00e7\u00e3o das atividades da equipe de Seguran\u00e7a do Trabalho fazem parte deste processo. As a\u00e7\u00f5es passaram a ser feitas de forma integrada pelas equipes de Seguran\u00e7a do Trabalho, pelos gestores e colaboradores, em busca de resultados mais efetivos e um ambiente de trabalho livre de acidentes. \u201cN\u00f3s acreditamos que as a\u00e7\u00f5es de seguran\u00e7a devem ser participativas, pois fazer seguran\u00e7a \u00e9 dever de todos; todos n\u00f3s devemos ser profissionais de Seguran\u00e7a do Trabalho\u201d, explica o coordenador.<\/span><\/p>\n<p><a href=\"http:\/\/www.maisbn.com\/portal\/wp-content\/uploads\/2016\/11\/veracel_trabalho00001.jpg\"><img loading=\"lazy\" decoding=\"async\" class=\"aligncenter size-full wp-image-12927\" src=\"http:\/\/www.maisbn.com\/portal\/wp-content\/uploads\/2016\/11\/veracel_trabalho00001.jpg\" alt=\"veracel_trabalho00001\" width=\"642\" height=\"412\" \/><\/a><\/p>\n<p><span style=\"color: #000000;\">Outro ponto importante para esse bom resultado foi o uso cont\u00ednuo das ferramentas de seguran\u00e7a \u2013 que s\u00e3o registros relacionados ao comportamento seguro e a situa\u00e7\u00f5es de risco. A intensifica\u00e7\u00e3o no uso destas ferramentas proativas, a melhoria da qualidade das tratativas de cada registro e a gest\u00e3o das informa\u00e7\u00f5es registradas est\u00e3o contribuindo para essa redu\u00e7\u00e3o significativa do n\u00famero de acidentes na empresa. \u201cEssas ferramentas proativas foram criadas para auxiliar no cuidado com o outro. Elas precisam ser constantemente recicladas e praticadas por todos\u201d, ressalta S\u00e9rgio.<\/span><\/p>\n<p><span style=\"color: #000000;\">\u201cNo dia a dia, com exemplo e \u00a0boas pr\u00e1ticas, podemos criar uma consci\u00eancia coletiva do cuidar e construir um ambiente de trabalho melhor para todos n\u00f3s. Dessa forma, \u00e9 poss\u00edvel atingir o est\u00e1gio de interdepend\u00eancia em seguran\u00e7a e alcan\u00e7ar nossa meta de zero acidente\u201d, afirmou Ari Medeiros, diretor de Opera\u00e7\u00f5es e <em>sponsor<\/em> de Seguran\u00e7a da Veracel, durante a abertura da 4\u00aa reuni\u00e3o do Comit\u00ea de Seguran\u00e7a do Trabalho da Veracel e empresas parceiras. Esta reuni\u00e3o acontece com a presen\u00e7a de todos os gestores e equipes de Seguran\u00e7a e tem como finalidade a apresenta\u00e7\u00e3o dos resultados de Seguran\u00e7a do Trabalho e o alinhamento de a\u00e7\u00f5es.<\/span><\/p>\n<p><a href=\"http:\/\/www.maisbn.com\/portal\/wp-content\/uploads\/2016\/11\/veracel_trabalho00003.jpg\"><img loading=\"lazy\" decoding=\"async\" class=\"aligncenter size-full wp-image-12929\" src=\"http:\/\/www.maisbn.com\/portal\/wp-content\/uploads\/2016\/11\/veracel_trabalho00003.jpg\" alt=\"veracel_trabalho00003\" width=\"642\" height=\"412\" \/><\/a><\/p>\n<p><span style=\"color: #000000;\"><strong>TRABALHO EM EQUIPE<\/strong> \u2013 A participa\u00e7\u00e3o mais efetiva de todos tem dado certo e o n\u00famero de acidentes tem reduzido m\u00eas a m\u00eas, oferecendo uma boa perspectiva para os resultados deste ano. V\u00e1rias a\u00e7\u00f5es desenvolvidas simultaneamente est\u00e3o apresentando os resultados. \u201cSe os mantivermos os \u00edndices atuais, chegaremos ao final do ano com uma redu\u00e7\u00e3o de 23% de ocorr\u00eancias em rela\u00e7\u00e3o ao ano passado. Este ser\u00e1 o melhor resultado de seguran\u00e7a da Veracel\u201d, avalia o coordenador.<\/span><\/p>\n<p><a href=\"http:\/\/www.maisbn.com\/portal\/wp-content\/uploads\/2016\/11\/veracel_trabalho00004.jpg\"><img loading=\"lazy\" decoding=\"async\" class=\"aligncenter size-full wp-image-12930\" src=\"http:\/\/www.maisbn.com\/portal\/wp-content\/uploads\/2016\/11\/veracel_trabalho00004.jpg\" alt=\"veracel_trabalho00004\" width=\"642\" height=\"412\" \/><\/a><\/p>\n<p><span style=\"color: #000000;\"><strong>UMA SEMANA INTEIRA DEDICADA \u00c0 SEGURAN\u00c7A<\/strong><\/span><\/p>\n<p><span style=\"color: #000000;\">Outro bom exemplo foi a Semana Interna de Preven\u00e7\u00e3o de Acidentes (SIPAT). Com o tema \u201cCuide do outro\u201d, o evento que aconteceu de 17 a 21 de outubro e mobilizou todas as \u00e1reas da Veracel e das empresas parceiras para momentos de aprendizados e reflex\u00e3o sobre a import\u00e2ncia de cuidar de si e do outo. Al\u00e9m de a\u00e7\u00f5es de Seguran\u00e7a e Sa\u00fade com dicas pr\u00e1ticas sobre como cuidar do outro, foi realizada a 3\u00aa edi\u00e7\u00e3o do Concurso de Par\u00f3dia. Por meio de par\u00f3dias compostas e interpretadas pelos pr\u00f3prios colaboradores, mensagens sobre seguran\u00e7a e a import\u00e2ncia do cuidar foram transmitidas, ajudando a levar mensagens de seguran\u00e7a para toda a empresa. Dicas pr\u00e1ticas de seguran\u00e7a e sa\u00fade em casa, no trabalho, com a fam\u00edlia e em momentos de lazer veiculadas em programas de r\u00e1dios da regi\u00e3o para sensibilizar sobre a import\u00e2ncia do comportamento seguro. \u201cA SIPAT \u00e9 mais um momento especial em que paramos para falar sobre seguran\u00e7a e a import\u00e2ncia da vida. O tema Cuide do Outro foi escolhido para ajudar na dissemina\u00e7\u00e3o da pr\u00e1tica do cuidado na empresa. Cuidar um do outro \u00e9 cultivar a seguran\u00e7a como valor\u201d, conclui Luciano Lafuente, gerente de Engenharia e Manuten\u00e7\u00e3o da Veracel e presidente da Comiss\u00e3o Interna de Preven\u00e7\u00e3o de Acidentes (CIPA). \u00a0<\/span><\/p>\n","protected":false},"excerpt":{"rendered":"<p>Considerado o melhor resultado do ano, nos meses de maio a outubro os \u00edndices da Veracel e das empresas parceiras permanentes que fazem parte do seu neg\u00f3cio registraram zero acidente com perda de tempo (CPT). Isso significa que mais de tr\u00eas mil colaboradores est\u00e3o trabalhando diariamente de forma segura e consciente, sem se envolver em [&hellip;]<\/p>\n","protected":false},"author":7,"featured_media":12926,"comment_status":"open","ping_status":"open","sticky":false,"template":"","format":"standard","meta":{"footnotes":""},"categories":[29,1],"tags":[108],"class_list":["post-12925","post","type-post","status-publish","format-standard","has-post-thumbnail","hentry","category-empreendimentos","category-noticias","tag-belmonte"],"_links":{"self":[{"href":"https:\/\/www.maisbn.com\/portal\/wp-json\/wp\/v2\/posts\/12925","targetHints":{"allow":["GET"]}}],"collection":[{"href":"https:\/\/www.maisbn.com\/portal\/wp-json\/wp\/v2\/posts"}],"about":[{"href":"https:\/\/www.maisbn.com\/portal\/wp-json\/wp\/v2\/types\/post"}],"author":[{"embeddable":true,"href":"https:\/\/www.maisbn.com\/portal\/wp-json\/wp\/v2\/users\/7"}],"replies":[{"embeddable":true,"href":"https:\/\/www.maisbn.com\/portal\/wp-json\/wp\/v2\/comments?post=12925"}],"version-history":[{"count":2,"href":"https:\/\/www.maisbn.com\/portal\/wp-json\/wp\/v2\/posts\/12925\/revisions"}],"predecessor-version":[{"id":12931,"href":"https:\/\/www.maisbn.com\/portal\/wp-json\/wp\/v2\/posts\/12925\/revisions\/12931"}],"wp:featuredmedia":[{"embeddable":true,"href":"https:\/\/www.maisbn.com\/portal\/wp-json\/wp\/v2\/media\/12926"}],"wp:attachment":[{"href":"https:\/\/www.maisbn.com\/portal\/wp-json\/wp\/v2\/media?parent=12925"}],"wp:term":[{"taxonomy":"category","embeddable":true,"href":"https:\/\/www.maisbn.com\/portal\/wp-json\/wp\/v2\/categories?post=12925"},{"taxonomy":"post_tag","embeddable":true,"href":"https:\/\/www.maisbn.com\/portal\/wp-json\/wp\/v2\/tags?post=12925"}],"curies":[{"name":"wp","href":"https:\/\/api.w.org\/{rel}","templated":true}]}}