{"id":12909,"date":"2016-11-08T21:55:22","date_gmt":"2016-11-09T00:55:22","guid":{"rendered":"http:\/\/www.maisbn.com\/portal\/?p=12909"},"modified":"2016-11-08T21:59:34","modified_gmt":"2016-11-09T00:59:34","slug":"comarca-de-belmonte-determina-incineracao-de-drogas-armazenadas-no-forum-luiz-viana-filho","status":"publish","type":"post","link":"https:\/\/www.maisbn.com\/portal\/2016\/11\/comarca-de-belmonte-determina-incineracao-de-drogas-armazenadas-no-forum-luiz-viana-filho\/","title":{"rendered":"Comarca de Belmonte determina incinera\u00e7\u00e3o de drogas armazenadas no F\u00f3rum Luiz Viana Filho."},"content":{"rendered":"<p><span style=\"color: #000000;\"><a style=\"color: #000000;\" href=\"http:\/\/www.maisbn.com\/portal\/wp-content\/uploads\/2016\/11\/incineracao_droga.jpg\"><img loading=\"lazy\" decoding=\"async\" class=\"aligncenter size-full wp-image-12910\" src=\"http:\/\/www.maisbn.com\/portal\/wp-content\/uploads\/2016\/11\/incineracao_droga.jpg\" alt=\"incineracao_droga\" width=\"650\" height=\"412\" \/><\/a><\/span><\/p>\n<p><span style=\"color: #000000;\">O poder judici\u00e1rio belmontense na manh\u00e3 dessa ter\u00e7a-feira (08\/11) determinou a incinera\u00e7\u00e3o de toda a droga armazenada no Cart\u00f3rio da Vara Criminal do F\u00f3rum Luiz Viana Filho. Essas subst\u00e2ncias entorpecentes, segundo informa\u00e7\u00f5es da pr\u00f3pria justi\u00e7a, faziam parte de processos criminais e j\u00e1 tinham sido periciadas n\u00e3o havendo mais motivo para que as mesmas continuassem sendo acondicionadas.<\/span><\/p>\n<p><span style=\"color: #000000;\"><a style=\"color: #000000;\" href=\"http:\/\/www.maisbn.com\/portal\/wp-content\/uploads\/2016\/11\/incineracao_droga2.jpg\"><img loading=\"lazy\" decoding=\"async\" class=\"aligncenter size-full wp-image-12911\" src=\"http:\/\/www.maisbn.com\/portal\/wp-content\/uploads\/2016\/11\/incineracao_droga2.jpg\" alt=\"incineracao_droga2\" width=\"650\" height=\"412\" \/><\/a><\/span><\/p>\n<p><span style=\"color: #000000;\">A incinera\u00e7\u00e3o foi acompanhada por Policiais Militares, pelo Promotor de Justi\u00e7a Wallace Carvalho Mesquita de Barros, pelo Delegado Delmar Araujo Bittencourt, pela Ju\u00edza de Direito Andr\u00e9a Gomes Fernandes, por Silvano J\u00fanior do Site +BN, representando a imprensa local, pelo chefe do Setor de Investiga\u00e7\u00e3o da Policia Civil Alfredo Abecerb e algumas pessoas da comunidade que se fizeram presentes.<\/span><\/p>\n<p><span style=\"color: #000000;\"><a style=\"color: #000000;\" href=\"http:\/\/www.maisbn.com\/portal\/wp-content\/uploads\/2016\/11\/incineracao_droga3.jpg\"><img loading=\"lazy\" decoding=\"async\" class=\"aligncenter size-full wp-image-12912\" src=\"http:\/\/www.maisbn.com\/portal\/wp-content\/uploads\/2016\/11\/incineracao_droga3.jpg\" alt=\"incineracao_droga3\" width=\"650\" height=\"412\" \/><\/a><\/span><\/p>\n<p><span style=\"color: #000000;\">Ao todo foram incineradas drogas como Crack, Maconha e Coca\u00edna e as autoridades presentes permaneceram no local at\u00e9 o t\u00e9rmino da a\u00e7\u00e3o para se certificar que todo o material tinha sido destru\u00eddo completamente.<\/span><\/p>\n","protected":false},"excerpt":{"rendered":"<p>O poder judici\u00e1rio belmontense na manh\u00e3 dessa ter\u00e7a-feira (08\/11) determinou a incinera\u00e7\u00e3o de toda a droga armazenada no Cart\u00f3rio da Vara Criminal do F\u00f3rum Luiz Viana Filho. Essas subst\u00e2ncias entorpecentes, segundo informa\u00e7\u00f5es da pr\u00f3pria justi\u00e7a, faziam parte de processos criminais e j\u00e1 tinham sido periciadas n\u00e3o havendo mais motivo para que as mesmas continuassem sendo [&hellip;]<\/p>\n","protected":false},"author":7,"featured_media":12911,"comment_status":"open","ping_status":"open","sticky":false,"template":"","format":"standard","meta":{"footnotes":""},"categories":[99,1],"tags":[108],"class_list":["post-12909","post","type-post","status-publish","format-standard","has-post-thumbnail","hentry","category-justica","category-noticias","tag-belmonte"],"_links":{"self":[{"href":"https:\/\/www.maisbn.com\/portal\/wp-json\/wp\/v2\/posts\/12909","targetHints":{"allow":["GET"]}}],"collection":[{"href":"https:\/\/www.maisbn.com\/portal\/wp-json\/wp\/v2\/posts"}],"about":[{"href":"https:\/\/www.maisbn.com\/portal\/wp-json\/wp\/v2\/types\/post"}],"author":[{"embeddable":true,"href":"https:\/\/www.maisbn.com\/portal\/wp-json\/wp\/v2\/users\/7"}],"replies":[{"embeddable":true,"href":"https:\/\/www.maisbn.com\/portal\/wp-json\/wp\/v2\/comments?post=12909"}],"version-history":[{"count":2,"href":"https:\/\/www.maisbn.com\/portal\/wp-json\/wp\/v2\/posts\/12909\/revisions"}],"predecessor-version":[{"id":12914,"href":"https:\/\/www.maisbn.com\/portal\/wp-json\/wp\/v2\/posts\/12909\/revisions\/12914"}],"wp:featuredmedia":[{"embeddable":true,"href":"https:\/\/www.maisbn.com\/portal\/wp-json\/wp\/v2\/media\/12911"}],"wp:attachment":[{"href":"https:\/\/www.maisbn.com\/portal\/wp-json\/wp\/v2\/media?parent=12909"}],"wp:term":[{"taxonomy":"category","embeddable":true,"href":"https:\/\/www.maisbn.com\/portal\/wp-json\/wp\/v2\/categories?post=12909"},{"taxonomy":"post_tag","embeddable":true,"href":"https:\/\/www.maisbn.com\/portal\/wp-json\/wp\/v2\/tags?post=12909"}],"curies":[{"name":"wp","href":"https:\/\/api.w.org\/{rel}","templated":true}]}}