{"id":12903,"date":"2016-11-08T16:08:32","date_gmt":"2016-11-08T19:08:32","guid":{"rendered":"http:\/\/www.maisbn.com\/portal\/?p=12903"},"modified":"2016-11-08T16:08:32","modified_gmt":"2016-11-08T19:08:32","slug":"policia-militar-prende-dois-acusados-de-cometer-assaltos-na-cidade-com-replica-de-arma-de-fogo","status":"publish","type":"post","link":"https:\/\/www.maisbn.com\/portal\/2016\/11\/policia-militar-prende-dois-acusados-de-cometer-assaltos-na-cidade-com-replica-de-arma-de-fogo\/","title":{"rendered":"Policia Militar prende dois acusados de cometer assaltos na cidade com r\u00e9plica de arma de fogo."},"content":{"rendered":"<p><span style=\"color: #000000;\"><a style=\"color: #000000;\" href=\"http:\/\/www.maisbn.com\/portal\/wp-content\/uploads\/2016\/11\/armados_belmonte00001.jpg\"><img loading=\"lazy\" decoding=\"async\" class=\"aligncenter size-full wp-image-12904\" src=\"http:\/\/www.maisbn.com\/portal\/wp-content\/uploads\/2016\/11\/armados_belmonte00001.jpg\" alt=\"armados_belmonte00001\" width=\"642\" height=\"412\" \/><\/a><\/span><\/p>\n<p><span style=\"color: #000000;\">A Pol\u00edcia Militar de Belmonte capturou na noite dessa ter\u00e7a-feira (07\/11) dois acusados de cometer assaltos na cidade. A pris\u00e3o aconteceu por volta das 22:00Hrs quando os policiais de servi\u00e7o faziam uma ronda pela rua Dom Pedro II, pr\u00f3ximo ao Mercad\u00e3o. A localidade j\u00e1 \u00e9 conhecida como ponto de venda e uso de drogas e tamb\u00e9m serve como local de encontro de meliantes que costumam fazer assaltos. Ao passar pelo Mercad\u00e3o os policiais avistaram dois indiv\u00edduos em situa\u00e7\u00e3o suspeita que ao perceber a aproxima\u00e7\u00e3o da viatura tentaram evadir-se do local quando foram impedidos pela guarni\u00e7\u00e3o. Um dos indiv\u00edduos foi identificado pelo nome de Rosivaldo Concei\u00e7\u00e3o Santana Neto, mais conhecido na cidade por Neto de Dainha.\u00a0 O mesmo estava acompanhado por um menor de 17 identificado pelas iniciais J.K.S.O. Com eles foram encontrados uma r\u00e9plica de arma de fogo e uma bolsa contendo pe\u00e7as de roupas femininas e objetos pessoais.<\/span><\/p>\n<div id=\"attachment_12905\" style=\"width: 652px\" class=\"wp-caption aligncenter\"><a style=\"color: #000000;\" href=\"http:\/\/www.maisbn.com\/portal\/wp-content\/uploads\/2016\/11\/armados_belmonte00002.jpg\"><img loading=\"lazy\" decoding=\"async\" aria-describedby=\"caption-attachment-12905\" class=\"wp-image-12905 size-full\" src=\"http:\/\/www.maisbn.com\/portal\/wp-content\/uploads\/2016\/11\/armados_belmonte00002.jpg\" alt=\"armados_belmonte00002\" width=\"642\" height=\"412\" \/><\/a><p id=\"caption-attachment-12905\" class=\"wp-caption-text\">Objetos encontrados com os meliantes.<\/p><\/div>\n<p>&nbsp;<\/p>\n<p><span style=\"color: #000000;\">Durante a abordagem os policiais receberam uma den\u00fancia por telefone de que os dois indiv\u00edduos tinham furtado a bolsa de uma mulher nas imedia\u00e7\u00f5es do local algumas horas antes. As den\u00fancias ainda constam que os dois elementos ainda tentaram assaltar um carro que estava parado no momento da a\u00e7\u00e3o e n\u00e3o conseguiram porque o motorista percebeu a movimenta\u00e7\u00e3o, acelerou o ve\u00edculo e conseguiu fugir.. Os dois elementos foram reconhecidos pela v\u00edtima e encaminhados para a Delegacia Territorial de Belmonte.<\/span><\/p>\n<p><span style=\"color: #000000;\"><strong>A Criminalidade vem aumentando em Belmonte.<\/strong><\/span><\/p>\n<p><span style=\"color: #000000;\">Os \u00edndices de criminalidade vem crescendo assustadoramente em Belmonte e a popula\u00e7\u00e3o tem evitado andar \u00e0 noite pelas ruas por medo de ser assaltada. Os com\u00e9rcios tamb\u00e9m vem sofrendo com as a\u00e7\u00f5es dos meliantes e est\u00e3o fechando as portas mais cedo para n\u00e3o sofrerem assaltos como aconteceu no \u00faltimo domingo (06\/11) quando bandidos armados, disfar\u00e7ados com m\u00e1scaras de palha\u00e7o, roubaram um carro e assaltaram a Farm\u00e1cia Virginia. O carro foi abandonado algumas horas depois na entrada da cidade.<\/span><\/p>\n<p><span style=\"color: #000000;\">As comunidades dos bairros Bom Jardim e S\u00e3o Benedito tamb\u00e9m est\u00e3o assustadas com a escalada da viol\u00eancia. Moradores que n\u00e3o quiseram se identificar informaram \u00e0 nossa equipe que homens armados em carros s\u00e3o vistos frequentemente nas ruas dos dois bairros. As informa\u00e7\u00f5es constam que esses homens fazem parte de uma fac\u00e7\u00e3o criminosa e violenta que atua em Barrol\u00e2ndia e estaria querendo tomar pontos de drogas na localidade que pertencem a traficantes que n\u00e3o quiseram se unir \u00e0 mesma.<\/span><\/p>\n<p><span style=\"color: #000000;\">As rondas policiais est\u00e3o sendo intensificadas no local e opera\u00e7\u00f5es dever\u00e3o acontecer para tentar barrar o avan\u00e7o das a\u00e7\u00f5es dos bandidos em todo o munic\u00edpio.<\/span><\/p>\n","protected":false},"excerpt":{"rendered":"<p>A Pol\u00edcia Militar de Belmonte capturou na noite dessa ter\u00e7a-feira (07\/11) dois acusados de cometer assaltos na cidade. A pris\u00e3o aconteceu por volta das 22:00Hrs quando os policiais de servi\u00e7o faziam uma ronda pela rua Dom Pedro II, pr\u00f3ximo ao Mercad\u00e3o. A localidade j\u00e1 \u00e9 conhecida como ponto de venda e uso de drogas e [&hellip;]<\/p>\n","protected":false},"author":7,"featured_media":12907,"comment_status":"open","ping_status":"open","sticky":false,"template":"","format":"standard","meta":{"footnotes":""},"categories":[1,16],"tags":[108],"class_list":["post-12903","post","type-post","status-publish","format-standard","has-post-thumbnail","hentry","category-noticias","category-policial","tag-belmonte"],"_links":{"self":[{"href":"https:\/\/www.maisbn.com\/portal\/wp-json\/wp\/v2\/posts\/12903","targetHints":{"allow":["GET"]}}],"collection":[{"href":"https:\/\/www.maisbn.com\/portal\/wp-json\/wp\/v2\/posts"}],"about":[{"href":"https:\/\/www.maisbn.com\/portal\/wp-json\/wp\/v2\/types\/post"}],"author":[{"embeddable":true,"href":"https:\/\/www.maisbn.com\/portal\/wp-json\/wp\/v2\/users\/7"}],"replies":[{"embeddable":true,"href":"https:\/\/www.maisbn.com\/portal\/wp-json\/wp\/v2\/comments?post=12903"}],"version-history":[{"count":2,"href":"https:\/\/www.maisbn.com\/portal\/wp-json\/wp\/v2\/posts\/12903\/revisions"}],"predecessor-version":[{"id":12908,"href":"https:\/\/www.maisbn.com\/portal\/wp-json\/wp\/v2\/posts\/12903\/revisions\/12908"}],"wp:featuredmedia":[{"embeddable":true,"href":"https:\/\/www.maisbn.com\/portal\/wp-json\/wp\/v2\/media\/12907"}],"wp:attachment":[{"href":"https:\/\/www.maisbn.com\/portal\/wp-json\/wp\/v2\/media?parent=12903"}],"wp:term":[{"taxonomy":"category","embeddable":true,"href":"https:\/\/www.maisbn.com\/portal\/wp-json\/wp\/v2\/categories?post=12903"},{"taxonomy":"post_tag","embeddable":true,"href":"https:\/\/www.maisbn.com\/portal\/wp-json\/wp\/v2\/tags?post=12903"}],"curies":[{"name":"wp","href":"https:\/\/api.w.org\/{rel}","templated":true}]}}