{"id":12894,"date":"2016-11-07T18:45:59","date_gmt":"2016-11-07T21:45:59","guid":{"rendered":"http:\/\/www.maisbn.com\/portal\/?p=12894"},"modified":"2016-11-07T18:48:38","modified_gmt":"2016-11-07T21:48:38","slug":"grande-festa-marca-as-comemoracoes-dos-16-anos-do-jornal-de-belmonte","status":"publish","type":"post","link":"https:\/\/www.maisbn.com\/portal\/2016\/11\/grande-festa-marca-as-comemoracoes-dos-16-anos-do-jornal-de-belmonte\/","title":{"rendered":"Grande festa marca as comemora\u00e7\u00f5es dos 16 anos do Jornal de Belmonte."},"content":{"rendered":"<p><span style=\"color: #000000;\">Uma grande festa balan\u00e7ou a noite de s\u00e1bado em Barrol\u00e2ndia (05\/11). Estamos falando da comemora\u00e7\u00e3o dos 16 anos do Jornal de Belmonte. O ve\u00edculo de comunica\u00e7\u00e3o \u00e9 um dos mais antigos da cidade. Em seu in\u00edcio o mesmo era publicado na forma impressa com o nome Jornal de Barrol\u00e2ndia depois, com o advento da tecnologia e o consequente aumento da qualidade da internet belmontense, o ve\u00edculo de comunica\u00e7\u00e3o passou para a forma online e mudou o nome para o Jornal de Belmonte conseguindo muito mais leitores e se tornando um dos principais meios de comunica\u00e7\u00e3o de Belmonte.<\/span><\/p>\n<p><a href=\"http:\/\/www.maisbn.com\/portal\/wp-content\/uploads\/2016\/11\/festajornaldebelmonte00048.jpg\"><img loading=\"lazy\" decoding=\"async\" class=\"aligncenter size-full wp-image-12895\" src=\"http:\/\/www.maisbn.com\/portal\/wp-content\/uploads\/2016\/11\/festajornaldebelmonte00048.jpg\" alt=\"festajornaldebelmonte00048\" width=\"642\" height=\"412\" \/><\/a><\/p>\n<p><span style=\"color: #000000;\">A festa em comemora\u00e7\u00e3o, ocorreu no Espa\u00e7os de festas do Dinei, e contou com ampla participa\u00e7\u00e3o da popula\u00e7\u00e3o, que bebeu, dan\u00e7ou e se divertiu ao som das Bandas regionais Pura Sedu\u00e7\u00e3o, O Piratinha e Hot my Love e teve como principal atra\u00e7\u00e3o a j\u00e1 conhecida Lora do Poder. A popula\u00e7\u00e3o que se fez presente no espa\u00e7o contou com um rigoroso esquema de seguran\u00e7a, fazendo assim com que todos se sentissem seguros. O clima de tranquilidade foi percept\u00edvel na anima\u00e7\u00e3o das fam\u00edlias que estiveram no local, prova disso \u00e9 que muitos casais sa\u00edram no \u201ccisco\u201d.<\/span><\/p>\n<p><a href=\"http:\/\/www.maisbn.com\/portal\/wp-content\/uploads\/2016\/11\/festajornaldebelmonte00034.jpg\"><img loading=\"lazy\" decoding=\"async\" class=\"aligncenter size-full wp-image-12897\" src=\"http:\/\/www.maisbn.com\/portal\/wp-content\/uploads\/2016\/11\/festajornaldebelmonte00034.jpg\" alt=\"festajornaldebelmonte00034\" width=\"642\" height=\"412\" \/><\/a><\/p>\n<p><span style=\"color: #000000;\">Outro ponto forte da festa foi o respeito \u00e0 diversidade sexual, a popula\u00e7\u00e3o deu um show de civilidade e de respeito \u00e0 heterogeneidade sexual presente no munic\u00edpio e no mundo. Djalma Britto, o idealizador e dono do Jornal de Belmonte, esteve a todo o tempo recepcionando a popula\u00e7\u00e3o que foi prestigiar a festa. &#8220;A comemora\u00e7\u00e3o a muito tempo entrou no calend\u00e1rio festivo do munic\u00edpio, sendo aguardada com ansiedade pela popula\u00e7\u00e3o.&#8221; &#8211; Comentou Djalma.<\/span><\/p>\n<p><a href=\"http:\/\/www.maisbn.com\/portal\/wp-content\/uploads\/2016\/11\/mosaico_jornaldebelmonte16.jpg\"><img loading=\"lazy\" decoding=\"async\" class=\"aligncenter size-full wp-image-12898\" src=\"http:\/\/www.maisbn.com\/portal\/wp-content\/uploads\/2016\/11\/mosaico_jornaldebelmonte16.jpg\" alt=\"mosaico_jornaldebelmonte16\" width=\"700\" height=\"450\" \/><\/a><\/p>\n<p><span style=\"color: #000000;\">A festividade que come\u00e7ou a luz da lua, durou at\u00e9 o sol nascer, os foli\u00f5es permaneceram alegres at\u00e9 o fim, como \u00e9 costume em nosso munic\u00edpio.<\/span><\/p>\n<p>&nbsp;<\/p>\n","protected":false},"excerpt":{"rendered":"<p>Uma grande festa balan\u00e7ou a noite de s\u00e1bado em Barrol\u00e2ndia (05\/11). Estamos falando da comemora\u00e7\u00e3o dos 16 anos do Jornal de Belmonte. O ve\u00edculo de comunica\u00e7\u00e3o \u00e9 um dos mais antigos da cidade. Em seu in\u00edcio o mesmo era publicado na forma impressa com o nome Jornal de Barrol\u00e2ndia depois, com o advento da tecnologia [&hellip;]<\/p>\n","protected":false},"author":7,"featured_media":12899,"comment_status":"open","ping_status":"open","sticky":false,"template":"","format":"standard","meta":{"footnotes":""},"categories":[1],"tags":[108],"class_list":["post-12894","post","type-post","status-publish","format-standard","has-post-thumbnail","hentry","category-noticias","tag-belmonte"],"_links":{"self":[{"href":"https:\/\/www.maisbn.com\/portal\/wp-json\/wp\/v2\/posts\/12894","targetHints":{"allow":["GET"]}}],"collection":[{"href":"https:\/\/www.maisbn.com\/portal\/wp-json\/wp\/v2\/posts"}],"about":[{"href":"https:\/\/www.maisbn.com\/portal\/wp-json\/wp\/v2\/types\/post"}],"author":[{"embeddable":true,"href":"https:\/\/www.maisbn.com\/portal\/wp-json\/wp\/v2\/users\/7"}],"replies":[{"embeddable":true,"href":"https:\/\/www.maisbn.com\/portal\/wp-json\/wp\/v2\/comments?post=12894"}],"version-history":[{"count":3,"href":"https:\/\/www.maisbn.com\/portal\/wp-json\/wp\/v2\/posts\/12894\/revisions"}],"predecessor-version":[{"id":12902,"href":"https:\/\/www.maisbn.com\/portal\/wp-json\/wp\/v2\/posts\/12894\/revisions\/12902"}],"wp:featuredmedia":[{"embeddable":true,"href":"https:\/\/www.maisbn.com\/portal\/wp-json\/wp\/v2\/media\/12899"}],"wp:attachment":[{"href":"https:\/\/www.maisbn.com\/portal\/wp-json\/wp\/v2\/media?parent=12894"}],"wp:term":[{"taxonomy":"category","embeddable":true,"href":"https:\/\/www.maisbn.com\/portal\/wp-json\/wp\/v2\/categories?post=12894"},{"taxonomy":"post_tag","embeddable":true,"href":"https:\/\/www.maisbn.com\/portal\/wp-json\/wp\/v2\/tags?post=12894"}],"curies":[{"name":"wp","href":"https:\/\/api.w.org\/{rel}","templated":true}]}}