{"id":12869,"date":"2016-11-02T20:06:45","date_gmt":"2016-11-02T23:06:45","guid":{"rendered":"http:\/\/www.maisbn.com\/portal\/?p=12869"},"modified":"2016-11-02T20:08:36","modified_gmt":"2016-11-02T23:08:36","slug":"wadla-casiano-assumira-a-secretaria-municipal-de-saude-de-itabela-em-2017","status":"publish","type":"post","link":"https:\/\/www.maisbn.com\/portal\/2016\/11\/wadla-casiano-assumira-a-secretaria-municipal-de-saude-de-itabela-em-2017\/","title":{"rendered":"Wadla Casiano assumir\u00e1 a Secretaria Municipal de Sa\u00fade de Itabela em 2017."},"content":{"rendered":"<p><span style=\"color: #000000;\">O novo prefeito eleito de Itabela, Luciano Francisqueto e o seu vice, Gedalvo Matos, anunciaram na tarde desta ter\u00e7a-feira (31), Wadla Casiano como a secretaria de sa\u00fade do munic\u00edpio para a nova gest\u00e3o em 2017. O encontro que reuniu profissionais da sa\u00fade representantes de entidades, onde foram apresentados a equipe que coordenar\u00e1 alguns setores da sa\u00fade. <\/span><\/p>\n<p><span style=\"color: #000000;\"><a style=\"color: #000000;\" href=\"http:\/\/www.maisbn.com\/portal\/wp-content\/uploads\/2016\/11\/sec-saude-itabela00001.jpg\"><img loading=\"lazy\" decoding=\"async\" class=\"aligncenter size-full wp-image-12870\" src=\"http:\/\/www.maisbn.com\/portal\/wp-content\/uploads\/2016\/11\/sec-saude-itabela00001.jpg\" alt=\"sec-saude-itabela00001\" width=\"642\" height=\"412\" \/><\/a><\/span><\/p>\n<p><span style=\"color: #000000;\">Wadla que \u00e9 a atual secret\u00e1ria de sa\u00fade do munic\u00edpio de Belmonte, traz uma vasta experi\u00eancia na \u00e1rea, onde atuou em alguns munic\u00edpios, trabalhando por tr\u00eas anos no hospital Albert Aisten de S\u00e3o Paulo. Ela tamb\u00e9m trabalhou em cooperativas tendo experi\u00eancia em PSFs e coordena\u00e7\u00e3o do SAMU. Wadla ainda foi diretora do Hospital Dr. Jos\u00e9 da Costa Pinto Dantas em Belmonte.<\/span><\/p>\n<p>&nbsp;<\/p>\n<p><span style=\"color: #000000;\">Luciano Francisqueto, falou das prioridades na sa\u00fade e demonstrou confian\u00e7a na secretaria: \u00a0\u201cReestruturar a sa\u00fade do nosso munic\u00edpio ser\u00e1 de fato um desafio em nossa gest\u00e3o. Mas a nossa proposta \u00e9 fazer uma sa\u00fade mais humanizada. Vamos dar uma sa\u00fade de qualidade a nossa popula\u00e7\u00e3o\u201d. Ele tamb\u00e9m destacou as prioridades na forma\u00e7\u00e3o da equipe t\u00e9cnica: &#8221; Ser\u00e1 minha prioridade colocar profissionais capacitados de Itabela, pois j\u00e1 conhecem a realidade da cidade.&#8221;<\/span><\/p>\n<p><a href=\"http:\/\/www.maisbn.com\/portal\/wp-content\/uploads\/2016\/11\/sec-saude-itabela00002.jpg\"><img loading=\"lazy\" decoding=\"async\" class=\"aligncenter size-full wp-image-12871\" src=\"http:\/\/www.maisbn.com\/portal\/wp-content\/uploads\/2016\/11\/sec-saude-itabela00002.jpg\" alt=\"sec-saude-itabela00002\" width=\"642\" height=\"412\" \/><\/a><\/p>\n<p><span style=\"color: #000000;\">A futura secretaria disse que aceitou o desafio por acreditar que Luciano quer o melhor para a cidade: \u201cAceitei o convite de Luciano porque vejo que ele quer d\u00e1 uma aten\u00e7\u00e3o especial pra sa\u00fade\u201d. Ela tamb\u00e9m frisou as prioridades que far\u00e1 a frente da secretaria: \u201c\u00c9 necess\u00e1rio que haja a reestrutura\u00e7\u00e3o e fortalecimento da aten\u00e7\u00e3o hospitalar, trabalhando num processo de fortalecimento e melhoria das Unidades B\u00e1sicas de Sa\u00fade\u201d.<\/span><\/p>\n<p><a href=\"http:\/\/www.maisbn.com\/portal\/wp-content\/uploads\/2016\/11\/sec-saude-itabela00004.jpg\"><img loading=\"lazy\" decoding=\"async\" class=\"aligncenter size-full wp-image-12872\" src=\"http:\/\/www.maisbn.com\/portal\/wp-content\/uploads\/2016\/11\/sec-saude-itabela00004.jpg\" alt=\"sec-saude-itabela00004\" width=\"642\" height=\"412\" \/><\/a><\/p>\n<p><span style=\"color: #000000;\">Na oportunidade, tamb\u00e9m foram apresentadas, a enfermeira, Liliane Cerqueira Sossai como diretora do Hospital Frei Ricardo, atuando na m\u00e9dia e alta complexidade e Arline Souza, soci\u00f3loga e t\u00e9cnica de enfermagem, que assumir\u00e1 o cargo de coordenadora da Policl\u00ednica. Participaram do encontro, Z\u00e9 Sossai, representando Rotary Club, Neilton Freitas, Representando a CDL,\u00a0profissionais da sa\u00fade\u00a0e convidados.<\/span><\/p>\n<p><em>Informa\u00e7\u00f5es: Bahia Dia Dia<\/em><\/p>\n","protected":false},"excerpt":{"rendered":"<p>O novo prefeito eleito de Itabela, Luciano Francisqueto e o seu vice, Gedalvo Matos, anunciaram na tarde desta ter\u00e7a-feira (31), Wadla Casiano como a secretaria de sa\u00fade do munic\u00edpio para a nova gest\u00e3o em 2017. O encontro que reuniu profissionais da sa\u00fade representantes de entidades, onde foram apresentados a equipe que coordenar\u00e1 alguns setores da [&hellip;]<\/p>\n","protected":false},"author":7,"featured_media":12870,"comment_status":"open","ping_status":"open","sticky":false,"template":"","format":"standard","meta":{"footnotes":""},"categories":[1,28],"tags":[108],"class_list":["post-12869","post","type-post","status-publish","format-standard","has-post-thumbnail","hentry","category-noticias","category-saude-noticias","tag-belmonte"],"_links":{"self":[{"href":"https:\/\/www.maisbn.com\/portal\/wp-json\/wp\/v2\/posts\/12869","targetHints":{"allow":["GET"]}}],"collection":[{"href":"https:\/\/www.maisbn.com\/portal\/wp-json\/wp\/v2\/posts"}],"about":[{"href":"https:\/\/www.maisbn.com\/portal\/wp-json\/wp\/v2\/types\/post"}],"author":[{"embeddable":true,"href":"https:\/\/www.maisbn.com\/portal\/wp-json\/wp\/v2\/users\/7"}],"replies":[{"embeddable":true,"href":"https:\/\/www.maisbn.com\/portal\/wp-json\/wp\/v2\/comments?post=12869"}],"version-history":[{"count":3,"href":"https:\/\/www.maisbn.com\/portal\/wp-json\/wp\/v2\/posts\/12869\/revisions"}],"predecessor-version":[{"id":12875,"href":"https:\/\/www.maisbn.com\/portal\/wp-json\/wp\/v2\/posts\/12869\/revisions\/12875"}],"wp:featuredmedia":[{"embeddable":true,"href":"https:\/\/www.maisbn.com\/portal\/wp-json\/wp\/v2\/media\/12870"}],"wp:attachment":[{"href":"https:\/\/www.maisbn.com\/portal\/wp-json\/wp\/v2\/media?parent=12869"}],"wp:term":[{"taxonomy":"category","embeddable":true,"href":"https:\/\/www.maisbn.com\/portal\/wp-json\/wp\/v2\/categories?post=12869"},{"taxonomy":"post_tag","embeddable":true,"href":"https:\/\/www.maisbn.com\/portal\/wp-json\/wp\/v2\/tags?post=12869"}],"curies":[{"name":"wp","href":"https:\/\/api.w.org\/{rel}","templated":true}]}}