{"id":12822,"date":"2016-10-27T14:27:45","date_gmt":"2016-10-27T17:27:45","guid":{"rendered":"http:\/\/www.maisbn.com\/portal\/?p=12822"},"modified":"2016-10-27T14:27:45","modified_gmt":"2016-10-27T17:27:45","slug":"embasa-informa-interrupcao-do-abastecimento-de-agua-na-sede-do-municipio-de-belmonte","status":"publish","type":"post","link":"https:\/\/www.maisbn.com\/portal\/2016\/10\/embasa-informa-interrupcao-do-abastecimento-de-agua-na-sede-do-municipio-de-belmonte\/","title":{"rendered":"Embasa informa interrup\u00e7\u00e3o do abastecimento de \u00e1gua na sede do munic\u00edpio de Belmonte."},"content":{"rendered":"<p><a href=\"http:\/\/www.maisbn.com\/portal\/wp-content\/uploads\/2016\/10\/embasa_informe.jpg\"><img loading=\"lazy\" decoding=\"async\" class=\"aligncenter size-full wp-image-12823\" src=\"http:\/\/www.maisbn.com\/portal\/wp-content\/uploads\/2016\/10\/embasa_informe.jpg\" alt=\"embasa_informe\" width=\"704\" height=\"318\" \/><\/a><\/p>\n<p><span style=\"color: #000000;\">A ger\u00eancia do escrit\u00f3rio local da EMBASA em Belmonte informou no come\u00e7o da tarde dessa quinta-feira (27\/10) que o abastecimento de \u00e1gua da sede do munic\u00edpio foi interrompido. O Sr. Rafael Pessoa, Gerente local da empresa, informou que o motivo do problema foi uma falta de energia que ocorreu no setor de capita\u00e7\u00e3o do sistema.<\/span><\/p>\n<p><span style=\"color: #000000;\">A Embasa informou que o problema j\u00e1 est\u00e1 sendo resolvido e que o servi\u00e7o ser\u00e1 restabelecido na sexta-feira (28\/10) a partir das 04:00Hrs da manh\u00e3.<\/span><\/p>\n<p>&nbsp;<\/p>\n","protected":false},"excerpt":{"rendered":"<p>A ger\u00eancia do escrit\u00f3rio local da EMBASA em Belmonte informou no come\u00e7o da tarde dessa quinta-feira (27\/10) que o abastecimento de \u00e1gua da sede do munic\u00edpio foi interrompido. O Sr. Rafael Pessoa, Gerente local da empresa, informou que o motivo do problema foi uma falta de energia que ocorreu no setor de capita\u00e7\u00e3o do sistema. [&hellip;]<\/p>\n","protected":false},"author":7,"featured_media":12823,"comment_status":"open","ping_status":"open","sticky":false,"template":"","format":"standard","meta":{"footnotes":""},"categories":[45,1],"tags":[108],"class_list":["post-12822","post","type-post","status-publish","format-standard","has-post-thumbnail","hentry","category-cidades","category-noticias","tag-belmonte"],"_links":{"self":[{"href":"https:\/\/www.maisbn.com\/portal\/wp-json\/wp\/v2\/posts\/12822","targetHints":{"allow":["GET"]}}],"collection":[{"href":"https:\/\/www.maisbn.com\/portal\/wp-json\/wp\/v2\/posts"}],"about":[{"href":"https:\/\/www.maisbn.com\/portal\/wp-json\/wp\/v2\/types\/post"}],"author":[{"embeddable":true,"href":"https:\/\/www.maisbn.com\/portal\/wp-json\/wp\/v2\/users\/7"}],"replies":[{"embeddable":true,"href":"https:\/\/www.maisbn.com\/portal\/wp-json\/wp\/v2\/comments?post=12822"}],"version-history":[{"count":1,"href":"https:\/\/www.maisbn.com\/portal\/wp-json\/wp\/v2\/posts\/12822\/revisions"}],"predecessor-version":[{"id":12824,"href":"https:\/\/www.maisbn.com\/portal\/wp-json\/wp\/v2\/posts\/12822\/revisions\/12824"}],"wp:featuredmedia":[{"embeddable":true,"href":"https:\/\/www.maisbn.com\/portal\/wp-json\/wp\/v2\/media\/12823"}],"wp:attachment":[{"href":"https:\/\/www.maisbn.com\/portal\/wp-json\/wp\/v2\/media?parent=12822"}],"wp:term":[{"taxonomy":"category","embeddable":true,"href":"https:\/\/www.maisbn.com\/portal\/wp-json\/wp\/v2\/categories?post=12822"},{"taxonomy":"post_tag","embeddable":true,"href":"https:\/\/www.maisbn.com\/portal\/wp-json\/wp\/v2\/tags?post=12822"}],"curies":[{"name":"wp","href":"https:\/\/api.w.org\/{rel}","templated":true}]}}