{"id":12815,"date":"2016-10-27T09:34:44","date_gmt":"2016-10-27T12:34:44","guid":{"rendered":"http:\/\/www.maisbn.com\/portal\/?p=12815"},"modified":"2016-11-01T12:24:16","modified_gmt":"2016-11-01T15:24:16","slug":"indios-araticum-pataxo-acampam-a-beira-da-ba-001-depois-de-serem-expulsos-por-uma-reintegracao-de-posse","status":"publish","type":"post","link":"https:\/\/www.maisbn.com\/portal\/2016\/10\/indios-araticum-pataxo-acampam-a-beira-da-ba-001-depois-de-serem-expulsos-por-uma-reintegracao-de-posse\/","title":{"rendered":"Indios Araticum Patax\u00f3 acampam \u00e0 beira da BA-001 depois de serem expulsos."},"content":{"rendered":"<p><a href=\"http:\/\/www.maisbn.com\/portal\/wp-content\/uploads\/2016\/10\/indio_Ba001.jpg\"><img loading=\"lazy\" decoding=\"async\" class=\"aligncenter size-full wp-image-12816\" src=\"http:\/\/www.maisbn.com\/portal\/wp-content\/uploads\/2016\/10\/indio_Ba001.jpg\" alt=\"indio_ba001\" width=\"650\" height=\"479\" \/><\/a><\/p>\n<p><span style=\"color: #000000;\">Com banheiro improvisado, dormindo em barracas e sobrevivendo de doa\u00e7\u00f5es, os \u00edndios da aldeia Araticum Patax\u00f3, em Santo Ant\u00f4nio, no munic\u00edpio de Santa Cruz Cabr\u00e1lia, no extremo sul do estado, est\u00e3o \u00e0s margens da BA-001 h\u00e1 quase quinze dias. Eles foram retirados de uma fazenda onde viviam h\u00e1 mais de dois anos, conhecida como \u201cFazenda Mangabeira\u201d, ap\u00f3s a Justi\u00e7a determinar a reintegra\u00e7\u00e3o de posse ao dono em 13 de outubro.<\/span><\/p>\n<p><span style=\"color: #000000;\">Ocas, escola e centro cultural j\u00e1 haviam sido constru\u00eddos no terreno. De acordo com o cacique da tribo, na \u00e9poca, a \u00e1rea estava abandonada e tinha vest\u00edgios de que era terra ind\u00edgena. \u201cEla n\u00e3o era demarcada, mas era tradicional porque tem v\u00e1rios vest\u00edgios ind\u00edgenas. Uma \u00e1rea que j\u00e1 estava dentro de um parque antigo, um parque federal\u201d, disse o \u00edndio Tubatinga Patax\u00f3.<\/span><\/p>\n<p><span style=\"color: #000000;\">\u201cEst\u00e3o destruindo o nosso lar, as nossas ocas, o centro cultural, o posto de sa\u00fade, o lugar que os meninos tinham o conv\u00edvio deles, que brincavam, se sentiam bem\u201d, lamenta o cacique Araticum Patax\u00f3.<\/span><\/p>\n<p><span style=\"color: #000000;\">Sem ter para onde ir, cerca de 25 \u00edndios mais jovens est\u00e3o acampados \u00e0s margens da BA-001, a dois quil\u00f4metros de Santo Ant\u00f4nio. Eles fecharam uma das pistas para evitar que os ve\u00edculos passem em alta velocidade. J\u00e1 os \u00edndios idosos foram para casa de parentes em povoados pr\u00f3ximos.<\/span><\/p>\n<p><span style=\"color: #000000;\">Com um pouco de telha e madeira, a tribo levantou dois barracos onde est\u00e3o dormindo, estudando e cozinhando h\u00e1 quase duas semanas.<\/span><\/p>\n<p><span style=\"color: #000000;\">\u201cCorrendo o risco das crian\u00e7as correrem para o meio da pista, e tem que parar o artesanato, tem que guardar\u201d, disse Andorinha, artes\u00e3 ind\u00edgena. Os \u00edndios conseguiram levar para a beira da pista uma caixa d\u00b4\u00e1gua e tubula\u00e7\u00e3o, al\u00e9m de poucos pertences e parte da cria\u00e7\u00e3o de galinhas e perus. Sem uma escola, os alunos est\u00e3o tendo aulas improvisadas em barracos.<\/span><\/p>\n<p><span style=\"color: #000000;\">\u201cEles v\u00e3o ter sim aulas at\u00e9 o \u00faltimo dia letivo. Eles n\u00e3o ser\u00e3o prejudicados, no que depender de mim\u201d, garante a professora ind\u00edgena, Tamiku\u00e3 Patax\u00f3. Com ora\u00e7\u00f5es, eles pedem um lugar para onde ir e reconstruir a vida com tranquilidade.<\/span><\/p>\n<p><span style=\"color: #000000;\">A reportagem entrou em contato com a assessoria de comunica\u00e7\u00e3o da Funai, em Bras\u00edlia, para saber se existe algum plano de reloca\u00e7\u00e3o desses \u00edndios, mas at\u00e9 esta publica\u00e7\u00e3o n\u00e3o houve resposta.<\/span><\/p>\n<p><em>Fonte: TV Santa Cruz<\/em><\/p>\n","protected":false},"excerpt":{"rendered":"<p>Com banheiro improvisado, dormindo em barracas e sobrevivendo de doa\u00e7\u00f5es, os \u00edndios da aldeia Araticum Patax\u00f3, em Santo Ant\u00f4nio, no munic\u00edpio de Santa Cruz Cabr\u00e1lia, no extremo sul do estado, est\u00e3o \u00e0s margens da BA-001 h\u00e1 quase quinze dias. Eles foram retirados de uma fazenda onde viviam h\u00e1 mais de dois anos, conhecida como \u201cFazenda [&hellip;]<\/p>\n","protected":false},"author":7,"featured_media":12816,"comment_status":"open","ping_status":"open","sticky":false,"template":"","format":"standard","meta":{"footnotes":""},"categories":[45,1],"tags":[108],"class_list":["post-12815","post","type-post","status-publish","format-standard","has-post-thumbnail","hentry","category-cidades","category-noticias","tag-belmonte"],"_links":{"self":[{"href":"https:\/\/www.maisbn.com\/portal\/wp-json\/wp\/v2\/posts\/12815","targetHints":{"allow":["GET"]}}],"collection":[{"href":"https:\/\/www.maisbn.com\/portal\/wp-json\/wp\/v2\/posts"}],"about":[{"href":"https:\/\/www.maisbn.com\/portal\/wp-json\/wp\/v2\/types\/post"}],"author":[{"embeddable":true,"href":"https:\/\/www.maisbn.com\/portal\/wp-json\/wp\/v2\/users\/7"}],"replies":[{"embeddable":true,"href":"https:\/\/www.maisbn.com\/portal\/wp-json\/wp\/v2\/comments?post=12815"}],"version-history":[{"count":4,"href":"https:\/\/www.maisbn.com\/portal\/wp-json\/wp\/v2\/posts\/12815\/revisions"}],"predecessor-version":[{"id":12852,"href":"https:\/\/www.maisbn.com\/portal\/wp-json\/wp\/v2\/posts\/12815\/revisions\/12852"}],"wp:featuredmedia":[{"embeddable":true,"href":"https:\/\/www.maisbn.com\/portal\/wp-json\/wp\/v2\/media\/12816"}],"wp:attachment":[{"href":"https:\/\/www.maisbn.com\/portal\/wp-json\/wp\/v2\/media?parent=12815"}],"wp:term":[{"taxonomy":"category","embeddable":true,"href":"https:\/\/www.maisbn.com\/portal\/wp-json\/wp\/v2\/categories?post=12815"},{"taxonomy":"post_tag","embeddable":true,"href":"https:\/\/www.maisbn.com\/portal\/wp-json\/wp\/v2\/tags?post=12815"}],"curies":[{"name":"wp","href":"https:\/\/api.w.org\/{rel}","templated":true}]}}