{"id":12779,"date":"2016-10-24T14:33:47","date_gmt":"2016-10-24T17:33:47","guid":{"rendered":"http:\/\/www.maisbn.com\/portal\/?p=12779"},"modified":"2016-10-24T14:42:09","modified_gmt":"2016-10-24T17:42:09","slug":"regional-costa-sul-da-aplb-sindicato-realiza-encontro-de-diretores-em-belmonte","status":"publish","type":"post","link":"https:\/\/www.maisbn.com\/portal\/2016\/10\/regional-costa-sul-da-aplb-sindicato-realiza-encontro-de-diretores-em-belmonte\/","title":{"rendered":"Regional Costa Sul da APLB Sindicato realiza encontro de diretores em Belmonte."},"content":{"rendered":"<p><a href=\"http:\/\/www.maisbn.com\/portal\/wp-content\/uploads\/2016\/10\/aplb_00020.jpg\"><img loading=\"lazy\" decoding=\"async\" class=\"aligncenter size-full wp-image-12780\" src=\"http:\/\/www.maisbn.com\/portal\/wp-content\/uploads\/2016\/10\/aplb_00020.jpg\" alt=\"aplb_00020\" width=\"650\" height=\"412\" \/><\/a><\/p>\n<p><span style=\"color: #000000;\">No \u00faltimo s\u00e1bado (22\/10) aconteceu em Belmonte o encontro da APLB Regional Costa Sul, onde esteve presente a Sr\u00aa Concei\u00e7\u00e3o Muniz, coordenadora da entidade e vereadora da cidade de Camacan, onde concorreu \u00e0 Prefeitura da mesma . O objetivo do evento foi selecionar os Diretores da institui\u00e7\u00e3o que ir\u00e3o participar do encontro da CNTE (Confedera\u00e7\u00e3o Nacional dos Trabalhadores da Educa\u00e7\u00e3o) que acontecer\u00e1 em Bras\u00edlia onde ser\u00e3o discutidas as mudan\u00e7as impostas pelo Presidente Michel Temer implementadas atrav\u00e9s da PEC 241 e PL 257. As discuss\u00f5es desse evento ser\u00e3o no objetivo de avaliar os poss\u00edveis preju\u00edzos aos direitos adquiridos pelos trabalhadores.<\/span><\/p>\n<p><a href=\"http:\/\/www.maisbn.com\/portal\/wp-content\/uploads\/2016\/10\/aplb_00013.jpg\"><img loading=\"lazy\" decoding=\"async\" class=\"aligncenter size-full wp-image-12781\" src=\"http:\/\/www.maisbn.com\/portal\/wp-content\/uploads\/2016\/10\/aplb_00013.jpg\" alt=\"aplb_00013\" width=\"650\" height=\"412\" \/><\/a><\/p>\n<p><span style=\"color: #000000;\">Durante o encontro estiveram presentes diretores das APLBs de Eun\u00e1polis,Itapebi, Camacan, Porto Seguro, Santa Cruz Cabr\u00e1lia, Medeiros Neto, Belmonte e Teixeira de Freitas. O Sr. Rodrigo Martins, Diretor da APLB Belmonte enfatizou a import\u00e2ncia dessas discuss\u00f5es para os trabalhadores. &#8220;\u00c9 percept\u00edvel que os trabalhadores ainda n\u00e3o compreenderam em sua integralidade o quanto essas mudan\u00e7as ir\u00e3o prejudicar cada um deles. Temos que disseminar o m\u00e1ximo de informa\u00e7\u00f5es poss\u00edveis para que os mesmos estejam unidos para lutarem por seus direitos.&#8221; &#8211; Comentou Rodrigo.<\/span><\/p>\n<p><a href=\"http:\/\/www.maisbn.com\/portal\/wp-content\/uploads\/2016\/10\/aplb_00028.jpg\"><img loading=\"lazy\" decoding=\"async\" class=\"aligncenter size-full wp-image-12782\" src=\"http:\/\/www.maisbn.com\/portal\/wp-content\/uploads\/2016\/10\/aplb_00028.jpg\" alt=\"aplb_00028\" width=\"650\" height=\"412\" \/><\/a><\/p>\n<p><span style=\"color: #000000;\">No mesmo evento foi discutido a conjuntura pol\u00edtica da Regional Costa Sul parabenizando os dirigentes licenciados para se candidatarem e os que foram eleitos, como \u00e9 o caso do futuro vereador Rog\u00e9rio Bahia. Os dirigentes lembraram que ter\u00e3o tempos de muitas lutas e que a APLB Sindicato n\u00e3o baixar\u00e1 a guarda e n\u00e3o vai tolerar retrocessos e desrespeitos com rela\u00e7\u00e3o \u00e0s conquistas dos trabalhadores.<\/span><\/p>\n","protected":false},"excerpt":{"rendered":"<p>No \u00faltimo s\u00e1bado (22\/10) aconteceu em Belmonte o encontro da APLB Regional Costa Sul, onde esteve presente a Sr\u00aa Concei\u00e7\u00e3o Muniz, coordenadora da entidade e vereadora da cidade de Camacan, onde concorreu \u00e0 Prefeitura da mesma . O objetivo do evento foi selecionar os Diretores da institui\u00e7\u00e3o que ir\u00e3o participar do encontro da CNTE (Confedera\u00e7\u00e3o [&hellip;]<\/p>\n","protected":false},"author":7,"featured_media":12780,"comment_status":"open","ping_status":"open","sticky":false,"template":"","format":"standard","meta":{"footnotes":""},"categories":[8,1],"tags":[108],"class_list":["post-12779","post","type-post","status-publish","format-standard","has-post-thumbnail","hentry","category-educacao","category-noticias","tag-belmonte"],"_links":{"self":[{"href":"https:\/\/www.maisbn.com\/portal\/wp-json\/wp\/v2\/posts\/12779","targetHints":{"allow":["GET"]}}],"collection":[{"href":"https:\/\/www.maisbn.com\/portal\/wp-json\/wp\/v2\/posts"}],"about":[{"href":"https:\/\/www.maisbn.com\/portal\/wp-json\/wp\/v2\/types\/post"}],"author":[{"embeddable":true,"href":"https:\/\/www.maisbn.com\/portal\/wp-json\/wp\/v2\/users\/7"}],"replies":[{"embeddable":true,"href":"https:\/\/www.maisbn.com\/portal\/wp-json\/wp\/v2\/comments?post=12779"}],"version-history":[{"count":2,"href":"https:\/\/www.maisbn.com\/portal\/wp-json\/wp\/v2\/posts\/12779\/revisions"}],"predecessor-version":[{"id":12786,"href":"https:\/\/www.maisbn.com\/portal\/wp-json\/wp\/v2\/posts\/12779\/revisions\/12786"}],"wp:featuredmedia":[{"embeddable":true,"href":"https:\/\/www.maisbn.com\/portal\/wp-json\/wp\/v2\/media\/12780"}],"wp:attachment":[{"href":"https:\/\/www.maisbn.com\/portal\/wp-json\/wp\/v2\/media?parent=12779"}],"wp:term":[{"taxonomy":"category","embeddable":true,"href":"https:\/\/www.maisbn.com\/portal\/wp-json\/wp\/v2\/categories?post=12779"},{"taxonomy":"post_tag","embeddable":true,"href":"https:\/\/www.maisbn.com\/portal\/wp-json\/wp\/v2\/tags?post=12779"}],"curies":[{"name":"wp","href":"https:\/\/api.w.org\/{rel}","templated":true}]}}