{"id":12777,"date":"2016-10-24T10:08:54","date_gmt":"2016-10-24T13:08:54","guid":{"rendered":"http:\/\/www.maisbn.com\/portal\/?p=12777"},"modified":"2016-10-24T10:08:54","modified_gmt":"2016-10-24T13:08:54","slug":"janival-confirma-data-da-festa-da-vitoria-mas-atracoes-ainda-nao-foram-definidas","status":"publish","type":"post","link":"https:\/\/www.maisbn.com\/portal\/2016\/10\/janival-confirma-data-da-festa-da-vitoria-mas-atracoes-ainda-nao-foram-definidas\/","title":{"rendered":"Janival confirma data da Festa da Vit\u00f3ria, mas atra\u00e7\u00f5es ainda n\u00e3o foram definidas."},"content":{"rendered":"<p><a href=\"http:\/\/www.maisbn.com\/portal\/wp-content\/uploads\/2016\/10\/janioNatal.jpg\"><img loading=\"lazy\" decoding=\"async\" class=\"aligncenter size-full wp-image-12615\" src=\"http:\/\/www.maisbn.com\/portal\/wp-content\/uploads\/2016\/10\/janioNatal.jpg\" alt=\"janionatal\" width=\"528\" height=\"318\" \/><\/a><\/p>\n<p><span style=\"color: #000000;\">Nesse domingo (23\/10) nossa equipe conversou com o futuro vice-prefeito Janival Andrade sobre as a\u00e7\u00f5es de prepara\u00e7\u00e3o para assumir os comandos de Belmonte a partir de 2017. Janival informou que agora os preparativos est\u00e3o sendo feitos para a t\u00e3o esperada Festa da Vit\u00f3ria que dever\u00e1 acontecer nos pr\u00f3ximos dia 11 e 12 de Novembro. Segundo Janival, as atra\u00e7\u00f5es ainda n\u00e3o foram definidas. &#8220;N\u00f3s temos que comemorar essa grande vit\u00f3ria com o nosso grupo pol\u00edtico e com os nossos eleitores. Foi uma luta muito \u00e1rdua e essa grande festa ser\u00e1 um agradecimento \u00e0 popula\u00e7\u00e3o belmontense pelos votos de confian\u00e7a que recebemos.&#8221; &#8211; Comentou o futuro Vice-prefeito.<\/span><\/p>\n<p><span style=\"color: #000000;\">Nossa equipe ainda procurou saber de Janival como est\u00e1 sendo a transi\u00e7\u00e3o de governo. Janival informou que j\u00e1 tem 95% dos nomes que compor\u00e3o a equipe de transi\u00e7\u00e3o definidos, mas n\u00e3o quis revelar quem ser\u00e3o essas pessoas. O mesmo ainda comentou que acredita que n\u00e3o haver\u00e1 problemas e que todos est\u00e3o preparados para fazer esse trabalho juntamente com a equipe da gest\u00e3o atual.<\/span><\/p>\n<p><span style=\"color: #000000;\">Tamb\u00e9m procuramos saber quanto \u00e0 informa\u00e7\u00e3o de que o Professor Gilberto Nascimento seria o novo Secret\u00e1rio Municipal de Educa\u00e7\u00e3o. Janival comentou que nada est\u00e1 definido e de que \u00e9 inver\u00eddica a informa\u00e7\u00e3o. O mesmo ainda informou que todas as quest\u00f5es pol\u00edticas e de governo est\u00e3o sendo tratadas por ele e pelo Deputado J\u00e2nio Natal e que, em momento oportuno, todos saber\u00e3o as resolu\u00e7\u00f5es que ser\u00e3o tomadas.<\/span><\/p>\n","protected":false},"excerpt":{"rendered":"<p>Nesse domingo (23\/10) nossa equipe conversou com o futuro vice-prefeito Janival Andrade sobre as a\u00e7\u00f5es de prepara\u00e7\u00e3o para assumir os comandos de Belmonte a partir de 2017. Janival informou que agora os preparativos est\u00e3o sendo feitos para a t\u00e3o esperada Festa da Vit\u00f3ria que dever\u00e1 acontecer nos pr\u00f3ximos dia 11 e 12 de Novembro. Segundo [&hellip;]<\/p>\n","protected":false},"author":7,"featured_media":12615,"comment_status":"open","ping_status":"open","sticky":false,"template":"","format":"standard","meta":{"footnotes":""},"categories":[1,7],"tags":[108],"class_list":["post-12777","post","type-post","status-publish","format-standard","has-post-thumbnail","hentry","category-noticias","category-politica","tag-belmonte"],"_links":{"self":[{"href":"https:\/\/www.maisbn.com\/portal\/wp-json\/wp\/v2\/posts\/12777","targetHints":{"allow":["GET"]}}],"collection":[{"href":"https:\/\/www.maisbn.com\/portal\/wp-json\/wp\/v2\/posts"}],"about":[{"href":"https:\/\/www.maisbn.com\/portal\/wp-json\/wp\/v2\/types\/post"}],"author":[{"embeddable":true,"href":"https:\/\/www.maisbn.com\/portal\/wp-json\/wp\/v2\/users\/7"}],"replies":[{"embeddable":true,"href":"https:\/\/www.maisbn.com\/portal\/wp-json\/wp\/v2\/comments?post=12777"}],"version-history":[{"count":1,"href":"https:\/\/www.maisbn.com\/portal\/wp-json\/wp\/v2\/posts\/12777\/revisions"}],"predecessor-version":[{"id":12778,"href":"https:\/\/www.maisbn.com\/portal\/wp-json\/wp\/v2\/posts\/12777\/revisions\/12778"}],"wp:featuredmedia":[{"embeddable":true,"href":"https:\/\/www.maisbn.com\/portal\/wp-json\/wp\/v2\/media\/12615"}],"wp:attachment":[{"href":"https:\/\/www.maisbn.com\/portal\/wp-json\/wp\/v2\/media?parent=12777"}],"wp:term":[{"taxonomy":"category","embeddable":true,"href":"https:\/\/www.maisbn.com\/portal\/wp-json\/wp\/v2\/categories?post=12777"},{"taxonomy":"post_tag","embeddable":true,"href":"https:\/\/www.maisbn.com\/portal\/wp-json\/wp\/v2\/tags?post=12777"}],"curies":[{"name":"wp","href":"https:\/\/api.w.org\/{rel}","templated":true}]}}