{"id":12769,"date":"2016-10-23T10:13:00","date_gmt":"2016-10-23T13:13:00","guid":{"rendered":"http:\/\/www.maisbn.com\/portal\/?p=12769"},"modified":"2016-10-23T10:13:00","modified_gmt":"2016-10-23T13:13:00","slug":"janio-e-janival-se-encontram-com-governador-ruy-costa-e-fecham-apoio-para-a-nova-gestao-belmontense","status":"publish","type":"post","link":"https:\/\/www.maisbn.com\/portal\/2016\/10\/janio-e-janival-se-encontram-com-governador-ruy-costa-e-fecham-apoio-para-a-nova-gestao-belmontense\/","title":{"rendered":"J\u00e2nio e Janival se encontram com Governador Ruy Costa e fecham apoio para a nova gest\u00e3o belmontense."},"content":{"rendered":"<p>&nbsp;<\/p>\n<p><span style=\"color: #000000;\"><a href=\"http:\/\/www.maisbn.com\/portal\/wp-content\/uploads\/2016\/10\/governadorjaniojanival00001.jpg\"><img loading=\"lazy\" decoding=\"async\" class=\"aligncenter size-full wp-image-12771\" src=\"http:\/\/www.maisbn.com\/portal\/wp-content\/uploads\/2016\/10\/governadorjaniojanival00001.jpg\" alt=\"governadorjaniojanival00001\" width=\"642\" height=\"412\" \/><\/a><\/span><\/p>\n<p><span style=\"color: #000000;\">Na tarde da \u00faltima sexta-feira (21\/10) o Deputado Estadual J\u00e2nio Natal, eleito prefeito de Belmonte, e Janival Andrade, seu vice, foram recebidos pelo Governador Ruy Costa. Os dois novos dirigentes de Belmonte foram apresentados pelo Presidente Estadual do PTN, o Deputado Federal Jo\u00e3o Bacelar.<\/span><\/p>\n<p><span style=\"color: #000000;\">J\u00e2nio Natal e Janival informaram que o encontro foi muito produtivo e o principal assunto da pauta foi a manuten\u00e7\u00e3o da BA-001 e a constru\u00e7\u00e3o da Estrada Belmonte x Canavieiras. O Deputado comentou com o governador a import\u00e2ncia dessa rodovia, pois a mesma interligaria a Costa do Descobrimento \u00e0 Costa do Cacau e facilitaria o tr\u00e2nsito de turistas e mercadorias por todo o Extremo Sul Baiano. &#8220;Meu maior desejo \u00e9 ver Belmonte deixar de ser uma cidade de fim de linha e entrega-la \u00e0 rota do turismo e do desenvolvimento. Eu vou lutar at\u00e9 o final do meu mandato de prefeito para ver esse grande sonho dos belmontenses acontecer.&#8221; &#8211; Comentou o Deputado.<\/span><\/p>\n<p><span style=\"color: #000000;\">J\u00e2nio e Janival ainda fizeram pedidos de parceria com o Governo do Estado no intuito de conseguir melhoras para o Atendimento de Sa\u00fade em Belmonte. A dupla ainda comentou a situa\u00e7\u00e3o de seguran\u00e7a na cidade e pediu apoio em a\u00e7\u00f5es para beneficiar as classes menos favorecidas no intuito de n\u00e3o deixar essas pessoas serem alvo f\u00e1cil para o recrutamento do Tr\u00e1fico de Drogas na cidade. &#8220;Uma boa administra\u00e7\u00e3o precisa de parcerias para ter sucesso e isso a gente foi buscar junto ao Governador Ruy Costa que nos recebeu muito bem e se mostrou disposto a apoiar e ajudar a nossa gest\u00e3o.&#8221; &#8211; Comentou Janival.<\/span><\/p>\n","protected":false},"excerpt":{"rendered":"<p>&nbsp; Na tarde da \u00faltima sexta-feira (21\/10) o Deputado Estadual J\u00e2nio Natal, eleito prefeito de Belmonte, e Janival Andrade, seu vice, foram recebidos pelo Governador Ruy Costa. Os dois novos dirigentes de Belmonte foram apresentados pelo Presidente Estadual do PTN, o Deputado Federal Jo\u00e3o Bacelar. J\u00e2nio Natal e Janival informaram que o encontro foi muito [&hellip;]<\/p>\n","protected":false},"author":7,"featured_media":12771,"comment_status":"open","ping_status":"open","sticky":false,"template":"","format":"standard","meta":{"footnotes":""},"categories":[1,7],"tags":[108],"class_list":["post-12769","post","type-post","status-publish","format-standard","has-post-thumbnail","hentry","category-noticias","category-politica","tag-belmonte"],"_links":{"self":[{"href":"https:\/\/www.maisbn.com\/portal\/wp-json\/wp\/v2\/posts\/12769","targetHints":{"allow":["GET"]}}],"collection":[{"href":"https:\/\/www.maisbn.com\/portal\/wp-json\/wp\/v2\/posts"}],"about":[{"href":"https:\/\/www.maisbn.com\/portal\/wp-json\/wp\/v2\/types\/post"}],"author":[{"embeddable":true,"href":"https:\/\/www.maisbn.com\/portal\/wp-json\/wp\/v2\/users\/7"}],"replies":[{"embeddable":true,"href":"https:\/\/www.maisbn.com\/portal\/wp-json\/wp\/v2\/comments?post=12769"}],"version-history":[{"count":1,"href":"https:\/\/www.maisbn.com\/portal\/wp-json\/wp\/v2\/posts\/12769\/revisions"}],"predecessor-version":[{"id":12772,"href":"https:\/\/www.maisbn.com\/portal\/wp-json\/wp\/v2\/posts\/12769\/revisions\/12772"}],"wp:featuredmedia":[{"embeddable":true,"href":"https:\/\/www.maisbn.com\/portal\/wp-json\/wp\/v2\/media\/12771"}],"wp:attachment":[{"href":"https:\/\/www.maisbn.com\/portal\/wp-json\/wp\/v2\/media?parent=12769"}],"wp:term":[{"taxonomy":"category","embeddable":true,"href":"https:\/\/www.maisbn.com\/portal\/wp-json\/wp\/v2\/categories?post=12769"},{"taxonomy":"post_tag","embeddable":true,"href":"https:\/\/www.maisbn.com\/portal\/wp-json\/wp\/v2\/tags?post=12769"}],"curies":[{"name":"wp","href":"https:\/\/api.w.org\/{rel}","templated":true}]}}