{"id":12754,"date":"2016-10-21T20:36:20","date_gmt":"2016-10-21T23:36:20","guid":{"rendered":"http:\/\/www.maisbn.com\/portal\/?p=12754"},"modified":"2016-10-21T20:36:20","modified_gmt":"2016-10-21T23:36:20","slug":"possibilidade-de-janival-ser-prefeito-e-bem-aceita-pela-populacao-e-liderancas-politicas-de-belmonte","status":"publish","type":"post","link":"https:\/\/www.maisbn.com\/portal\/2016\/10\/possibilidade-de-janival-ser-prefeito-e-bem-aceita-pela-populacao-e-liderancas-politicas-de-belmonte\/","title":{"rendered":"Possibilidade de Janival ser prefeito \u00e9 bem aceita pela popula\u00e7\u00e3o e lideran\u00e7as pol\u00edticas de Belmonte."},"content":{"rendered":"<p><a href=\"http:\/\/www.maisbn.com\/portal\/wp-content\/uploads\/2016\/07\/janioejanival00187.jpg\"><img loading=\"lazy\" decoding=\"async\" class=\"aligncenter size-full wp-image-11843\" src=\"http:\/\/www.maisbn.com\/portal\/wp-content\/uploads\/2016\/07\/janioejanival00187.jpg\" alt=\"janioejanival00187\" width=\"650\" height=\"412\" \/><\/a><\/p>\n<p><span style=\"color: #000000;\">Nos \u00faltimos dias a imprensa de modo geral tem noticiado a possibilidade do Deputado Janio Natal abrir m\u00e3o da sua Elei\u00e7\u00e3o a prefeito de Belmonte n\u00e3o sendo diplomado e continuando com o mandato de deputado, o que \u00e9 poss\u00edvel, segundo apurou a nossa reportagem. Isto acontecendo, assumir\u00e1 em seu lugar, seu irm\u00e3o que foi o vice na sua chapa, o empres\u00e1rio Janival Borges.<\/span><\/p>\n<p><span style=\"color: #000000;\">Conversamos com os vereadores eleitos e a ideia tem aceita\u00e7\u00e3o quase un\u00e2nime favor\u00e1vel \u00e0 Janival assumir. Com a popula\u00e7\u00e3o em geral, esta medida \u00e9 muito bem vista pela grande maioria. &#8220;Belmonte s\u00f3 tem a ganhar, Janio \u00e9 um pol\u00edtico experiente e de sucesso e Janival tem provado ser um bom administrador. Nosso munic\u00edpio ficaria com maior representatividade no meio pol\u00edtico e consequentemente com mais possibilidade de conseguir benef\u00edcios. Um ajudaria o outro&#8221;. \u2013Afirma o Sr. Silas Silveira, filho do empres\u00e1rio Joaquim Silveira. <\/span><\/p>\n<div id=\"attachment_12755\" style=\"width: 633px\" class=\"wp-caption aligncenter\"><a href=\"http:\/\/www.maisbn.com\/portal\/wp-content\/uploads\/2016\/10\/resultado2012.jpg\"><img loading=\"lazy\" decoding=\"async\" aria-describedby=\"caption-attachment-12755\" class=\"wp-image-12755 size-full\" src=\"http:\/\/www.maisbn.com\/portal\/wp-content\/uploads\/2016\/10\/resultado2012.jpg\" alt=\"resultado2012\" width=\"623\" height=\"250\" \/><\/a><p id=\"caption-attachment-12755\" class=\"wp-caption-text\">Resultado das Elei\u00e7\u00f5es 2012. Fonte: TSE<\/p><\/div>\n<p><span style=\"color: #000000;\">Conforme mostra o quadro acima, Janival j\u00e1 demonstrou nas elei\u00e7\u00f5es passadas que goza de grande prest\u00edgio e credibilidade perante a popula\u00e7\u00e3o, tendo sido derrotado por poucos votos, pelo poderio financeiro, pela m\u00e1quina da prefeitura, com dois fortes opositores juntos e uma terceira op\u00e7\u00e3o que surpreendeu a todos com um resultado de 2.165 votos nas elei\u00e7\u00f5es de 2012. Com todos esses fatores negativos Janival galgou o segundo lugar com 4.339 votos, apenas 404 votos a menos do candidato vencedor na disputa daquele ano.<\/span><\/p>\n<p><span style=\"color: #000000;\">O deputado J\u00e2nio Natal afirma n\u00e3o ter firmado posi\u00e7\u00e3o a respeito, enquanto Janival n\u00e3o quis comentar o assunto, apenas informou que est\u00e1 focado no processo de transi\u00e7\u00e3o, e seja qual for a decis\u00e3o, estar\u00e1 pronto para p\u00f4r em pratica seus projetos para que Belmonte volte a sorrir.<\/span><\/p>\n","protected":false},"excerpt":{"rendered":"<p>Nos \u00faltimos dias a imprensa de modo geral tem noticiado a possibilidade do Deputado Janio Natal abrir m\u00e3o da sua Elei\u00e7\u00e3o a prefeito de Belmonte n\u00e3o sendo diplomado e continuando com o mandato de deputado, o que \u00e9 poss\u00edvel, segundo apurou a nossa reportagem. Isto acontecendo, assumir\u00e1 em seu lugar, seu irm\u00e3o que foi o [&hellip;]<\/p>\n","protected":false},"author":7,"featured_media":11843,"comment_status":"open","ping_status":"open","sticky":false,"template":"","format":"standard","meta":{"footnotes":""},"categories":[1,7],"tags":[108],"class_list":["post-12754","post","type-post","status-publish","format-standard","has-post-thumbnail","hentry","category-noticias","category-politica","tag-belmonte"],"_links":{"self":[{"href":"https:\/\/www.maisbn.com\/portal\/wp-json\/wp\/v2\/posts\/12754","targetHints":{"allow":["GET"]}}],"collection":[{"href":"https:\/\/www.maisbn.com\/portal\/wp-json\/wp\/v2\/posts"}],"about":[{"href":"https:\/\/www.maisbn.com\/portal\/wp-json\/wp\/v2\/types\/post"}],"author":[{"embeddable":true,"href":"https:\/\/www.maisbn.com\/portal\/wp-json\/wp\/v2\/users\/7"}],"replies":[{"embeddable":true,"href":"https:\/\/www.maisbn.com\/portal\/wp-json\/wp\/v2\/comments?post=12754"}],"version-history":[{"count":1,"href":"https:\/\/www.maisbn.com\/portal\/wp-json\/wp\/v2\/posts\/12754\/revisions"}],"predecessor-version":[{"id":12756,"href":"https:\/\/www.maisbn.com\/portal\/wp-json\/wp\/v2\/posts\/12754\/revisions\/12756"}],"wp:featuredmedia":[{"embeddable":true,"href":"https:\/\/www.maisbn.com\/portal\/wp-json\/wp\/v2\/media\/11843"}],"wp:attachment":[{"href":"https:\/\/www.maisbn.com\/portal\/wp-json\/wp\/v2\/media?parent=12754"}],"wp:term":[{"taxonomy":"category","embeddable":true,"href":"https:\/\/www.maisbn.com\/portal\/wp-json\/wp\/v2\/categories?post=12754"},{"taxonomy":"post_tag","embeddable":true,"href":"https:\/\/www.maisbn.com\/portal\/wp-json\/wp\/v2\/tags?post=12754"}],"curies":[{"name":"wp","href":"https:\/\/api.w.org\/{rel}","templated":true}]}}