{"id":12725,"date":"2016-10-18T08:15:48","date_gmt":"2016-10-18T11:15:48","guid":{"rendered":"http:\/\/www.maisbn.com\/portal\/?p=12725"},"modified":"2016-10-18T08:15:48","modified_gmt":"2016-10-18T11:15:48","slug":"leilao-da-veracel-de-trator-e-cabecotes-aproveite","status":"publish","type":"post","link":"https:\/\/www.maisbn.com\/portal\/2016\/10\/leilao-da-veracel-de-trator-e-cabecotes-aproveite\/","title":{"rendered":"Leil\u00e3o da Veracel de trator e cabe\u00e7otes. Aproveite!"},"content":{"rendered":"<p><a href=\"http:\/\/www.maisbn.com\/portal\/wp-content\/uploads\/2014\/11\/veracel_fabrica.jpg\"><img loading=\"lazy\" decoding=\"async\" class=\"aligncenter size-full wp-image-6410\" src=\"http:\/\/www.maisbn.com\/portal\/wp-content\/uploads\/2014\/11\/veracel_fabrica.jpg\" alt=\"Veracel em Janeiro 2007\" width=\"640\" height=\"278\" \/><\/a><\/p>\n<p><span style=\"color: #000000;\">No dia <strong>18\/10\/2016, \u00e0s 11h, ser\u00e1 finalizado <\/strong>o leil\u00e3o para compra de trator e cabe\u00e7otes da Veracel. <strong>Aten\u00e7\u00e3o: <\/strong> o faturamento da compra dever\u00e1 ser para pessoa jur\u00eddica.<\/span><\/p>\n<p><span style=\"color: #000000;\">Anote o endere\u00e7o para visita\u00e7\u00e3o: Rodovia BR 101, Km 715 Eun\u00e1polis\/BA.<\/span><\/p>\n<p><span style=\"color: #000000;\">O leil\u00e3o acontecer\u00e1 pelo site<\/span> <u><a href=\"http:\/\/www.deseulance.com\" data-saferedirecturl=\"https:\/\/www.google.com\/url?hl=pt-BR&amp;q=http:\/\/www.deseulance.com&amp;source=gmail&amp;ust=1476875382421000&amp;usg=AFQjCNGKtx5BbPE0DDoPymYGLEFiHT0_wg\">www.deseulance.com<\/a><\/u>.<\/p>\n<p><span style=\"color: #000000;\">Os interessados que j\u00e1 participaram de leil\u00f5es anteriores devem fazer novo cadastro. Com um novo <em>login<\/em> e senha, voc\u00ea poder\u00e1 fazer os lances a qualquer momento.<\/span><\/p>\n<p><span style=\"color: #000000;\">Em caso de d\u00favidas, ligue para (11)5575.9555 e solicite aux\u00edlio.<\/span><\/p>\n<p><span style=\"color: #000000;\">Aproveite essa oportunidade!<\/span><\/p>\n","protected":false},"excerpt":{"rendered":"<p>No dia 18\/10\/2016, \u00e0s 11h, ser\u00e1 finalizado o leil\u00e3o para compra de trator e cabe\u00e7otes da Veracel. Aten\u00e7\u00e3o: o faturamento da compra dever\u00e1 ser para pessoa jur\u00eddica. Anote o endere\u00e7o para visita\u00e7\u00e3o: Rodovia BR 101, Km 715 Eun\u00e1polis\/BA. O leil\u00e3o acontecer\u00e1 pelo site www.deseulance.com. Os interessados que j\u00e1 participaram de leil\u00f5es anteriores devem fazer novo [&hellip;]<\/p>\n","protected":false},"author":7,"featured_media":6410,"comment_status":"open","ping_status":"open","sticky":false,"template":"","format":"standard","meta":{"footnotes":""},"categories":[1,7],"tags":[108],"class_list":["post-12725","post","type-post","status-publish","format-standard","has-post-thumbnail","hentry","category-noticias","category-politica","tag-belmonte"],"_links":{"self":[{"href":"https:\/\/www.maisbn.com\/portal\/wp-json\/wp\/v2\/posts\/12725","targetHints":{"allow":["GET"]}}],"collection":[{"href":"https:\/\/www.maisbn.com\/portal\/wp-json\/wp\/v2\/posts"}],"about":[{"href":"https:\/\/www.maisbn.com\/portal\/wp-json\/wp\/v2\/types\/post"}],"author":[{"embeddable":true,"href":"https:\/\/www.maisbn.com\/portal\/wp-json\/wp\/v2\/users\/7"}],"replies":[{"embeddable":true,"href":"https:\/\/www.maisbn.com\/portal\/wp-json\/wp\/v2\/comments?post=12725"}],"version-history":[{"count":1,"href":"https:\/\/www.maisbn.com\/portal\/wp-json\/wp\/v2\/posts\/12725\/revisions"}],"predecessor-version":[{"id":12726,"href":"https:\/\/www.maisbn.com\/portal\/wp-json\/wp\/v2\/posts\/12725\/revisions\/12726"}],"wp:featuredmedia":[{"embeddable":true,"href":"https:\/\/www.maisbn.com\/portal\/wp-json\/wp\/v2\/media\/6410"}],"wp:attachment":[{"href":"https:\/\/www.maisbn.com\/portal\/wp-json\/wp\/v2\/media?parent=12725"}],"wp:term":[{"taxonomy":"category","embeddable":true,"href":"https:\/\/www.maisbn.com\/portal\/wp-json\/wp\/v2\/categories?post=12725"},{"taxonomy":"post_tag","embeddable":true,"href":"https:\/\/www.maisbn.com\/portal\/wp-json\/wp\/v2\/tags?post=12725"}],"curies":[{"name":"wp","href":"https:\/\/api.w.org\/{rel}","templated":true}]}}