{"id":12721,"date":"2016-10-16T22:34:59","date_gmt":"2016-10-17T01:34:59","guid":{"rendered":"http:\/\/www.maisbn.com\/portal\/?p=12721"},"modified":"2016-10-21T20:09:28","modified_gmt":"2016-10-21T23:09:28","slug":"alfredo-aberceb-exerce-o-seu-direito-de-resposta-com-relacao-a-materia-publicada-no-bn","status":"publish","type":"post","link":"https:\/\/www.maisbn.com\/portal\/2016\/10\/alfredo-aberceb-exerce-o-seu-direito-de-resposta-com-relacao-a-materia-publicada-no-bn\/","title":{"rendered":"Alfredo Aberceb exerce o seu direito de resposta com rela\u00e7\u00e3o \u00e0 mat\u00e9ria publicada no +BN."},"content":{"rendered":"<p><strong>Direto de Resposta concedido ao futuro Vereador Alfredo Aberceb com rela\u00e7\u00e3o \u00e0 Mat\u00e9ria: EM BELMONTE, A DISPUTA AGORA \u00c9 PELA PRESID\u00caNCIA DA C\u00c2MARA.<\/strong><\/p>\n<p><a href=\"http:\/\/www.maisbn.com\/portal\/wp-content\/uploads\/2016\/10\/alfredooo-1.jpg\"><img loading=\"lazy\" decoding=\"async\" class=\"aligncenter wp-image-12748 size-full\" src=\"http:\/\/www.maisbn.com\/portal\/wp-content\/uploads\/2016\/10\/alfredooo-1.jpg\" alt=\"\" width=\"800\" height=\"445\" \/><\/a><\/p>\n<p>&nbsp;<\/p>\n<p><span style=\"color: #000000;\">Eu Alfredo Aberceb rep\u00fadio o que foi publicado ao meu respeito , \u00e9 mentira , respeito os meus futuros<\/span><br \/>\n<span style=\"color: #000000;\"> colegas de c\u00e2mara , n\u00e3o sou candidato a presidente da c\u00e2mara! Contudo, alguns vereadores me procuraram e pediram para eu sair como presidente , e fiquei de pensar o caso! Porque existe diversos nomes bons na c\u00e2mara que podem fazer o mesmo papel! , Mais eu iria sentar e conversar com o meu grupo pol\u00edtico, se eles concordam ou quem nos ir\u00edamos apoiar.<\/span><\/p>\n<p><span style=\"color: #000000;\">Mas como o meu nome j\u00e1 foi lan\u00e7ado ! Deve ser porque realmente devo ter o perfil desejado para povo de Belmonte e eles sabem que se eu fosse presidente cumprirei o meu papel de legislador e fiscalizarei tudo que o prefeito ir\u00e1 fazer para a cidade, e o que for bom para a cidade e para o povo de Belmonte, sentarei com meus colegas vereadores para agente apoiar, mas c\u00e2mara de vereadores n\u00e3o deixar\u00e1 ningu\u00e9m maltratar nosso povo de Belmonte, t\u00e3o sofrido, com projetos que n\u00e3o seja realmente vi\u00e1veis para a cidade !<\/span><\/p>\n","protected":false},"excerpt":{"rendered":"<p>Direto de Resposta concedido ao futuro Vereador Alfredo Aberceb com rela\u00e7\u00e3o \u00e0 Mat\u00e9ria: EM BELMONTE, A DISPUTA AGORA \u00c9 PELA PRESID\u00caNCIA DA C\u00c2MARA. &nbsp; Eu Alfredo Aberceb rep\u00fadio o que foi publicado ao meu respeito , \u00e9 mentira , respeito os meus futuros colegas de c\u00e2mara , n\u00e3o sou candidato a presidente da c\u00e2mara! Contudo, [&hellip;]<\/p>\n","protected":false},"author":7,"featured_media":12748,"comment_status":"open","ping_status":"open","sticky":false,"template":"","format":"standard","meta":{"footnotes":""},"categories":[1,7],"tags":[108],"class_list":["post-12721","post","type-post","status-publish","format-standard","has-post-thumbnail","hentry","category-noticias","category-politica","tag-belmonte"],"_links":{"self":[{"href":"https:\/\/www.maisbn.com\/portal\/wp-json\/wp\/v2\/posts\/12721","targetHints":{"allow":["GET"]}}],"collection":[{"href":"https:\/\/www.maisbn.com\/portal\/wp-json\/wp\/v2\/posts"}],"about":[{"href":"https:\/\/www.maisbn.com\/portal\/wp-json\/wp\/v2\/types\/post"}],"author":[{"embeddable":true,"href":"https:\/\/www.maisbn.com\/portal\/wp-json\/wp\/v2\/users\/7"}],"replies":[{"embeddable":true,"href":"https:\/\/www.maisbn.com\/portal\/wp-json\/wp\/v2\/comments?post=12721"}],"version-history":[{"count":3,"href":"https:\/\/www.maisbn.com\/portal\/wp-json\/wp\/v2\/posts\/12721\/revisions"}],"predecessor-version":[{"id":12749,"href":"https:\/\/www.maisbn.com\/portal\/wp-json\/wp\/v2\/posts\/12721\/revisions\/12749"}],"wp:featuredmedia":[{"embeddable":true,"href":"https:\/\/www.maisbn.com\/portal\/wp-json\/wp\/v2\/media\/12748"}],"wp:attachment":[{"href":"https:\/\/www.maisbn.com\/portal\/wp-json\/wp\/v2\/media?parent=12721"}],"wp:term":[{"taxonomy":"category","embeddable":true,"href":"https:\/\/www.maisbn.com\/portal\/wp-json\/wp\/v2\/categories?post=12721"},{"taxonomy":"post_tag","embeddable":true,"href":"https:\/\/www.maisbn.com\/portal\/wp-json\/wp\/v2\/tags?post=12721"}],"curies":[{"name":"wp","href":"https:\/\/api.w.org\/{rel}","templated":true}]}}